{"id":2613,"date":"2021-05-29T19:41:19","date_gmt":"2021-05-29T16:41:19","guid":{"rendered":"http:\/\/www.denizati.net\/trl\/?p=2613"},"modified":"2021-05-29T19:42:07","modified_gmt":"2021-05-29T16:42:07","slug":"denizati-model-united-nations-conference-2021","status":"publish","type":"post","link":"https:\/\/www.denizati.net\/trl\/denizati-model-united-nations-conference-2021","title":{"rendered":"DEN\u0130ZATI MODEL UNITED NATIONS CONFERENCE 2021"},"content":{"rendered":"<p style=\"text-align: center;\"><strong>\u00d6ZEL DEN\u0130ZATI ANADOLU L\u0130SES\u0130<\/strong><\/p>\n<p style=\"text-align: center;\"><strong>YABANCI D\u0130LLER B\u00d6L\u00dcM\u00dc<\/strong><\/p>\n<p style=\"text-align: center;\"><strong>\u00a0\u00a0\u00a0\u00a0\u00a0\u00a0\u00a0\u00a0 DENMUN 2021 KONFERANSI<\/strong><\/p>\n<p><strong>\u00a0<\/strong><strong>Tarih:<\/strong> 28-30 May\u0131s 2021<\/p>\n<p><strong>Yer:<\/strong> <em>Denizat\u0131 Okullar\u0131 Zoom Platformu Online konferans\u0131<\/em><\/p>\n<p><strong>Kat\u0131l\u0131mc\u0131 Say\u0131s\u0131: <\/strong>150<\/p>\n<p><strong>D\u00fczenleyen:<\/strong> \u00d6zel Denizat\u0131 Anadolu Lisesi MUN Kul\u00fcb\u00fc<\/p>\n<p><strong>Web adresi:<\/strong> <strong><u>www.denmun.org<\/u><\/strong><\/p>\n<p>&nbsp;<\/p>\n<p>\u00d6zel Denizat\u0131 Anadolu Lisesi Model Birle\u015fmi\u015f Milletler Konferans\u0131;\u00a0\u00a0\u00a0\u00a0\u00a0\u00a0\u00a0\u00a0\u00a0\u00a0\u00a0\u00a0\u00a0\u00a0\u00a0\u00a0\u00a0\u00a0\u00a0\u00a0\u00a0\u00a0\u00a0\u00a0\u00a0\u00a0 \u201c<strong>DENMUN 2021\u201d<\/strong>, <strong><u>28-30 May\u0131s 2021<\/u><\/strong> tarihlerinde Zoom platformu \u00fczerinden online olarak yap\u0131ld\u0131. 12 okul ve yakla\u015f\u0131k 150 delegenin kat\u0131l\u0131m\u0131 ile ge\u00e7en konferans\u0131m\u0131z\u0131n 6. y\u0131l\u0131nda genel olarak 2 komite yer ald\u0131.<\/p>\n<p>A\u015fa\u011f\u0131da isimleri yaz\u0131l\u0131 olan komitelerde kat\u0131l\u0131mc\u0131 olan t\u00fcm delegeler sadece d\u00fcnya sorunlar\u0131na \u00e7\u00f6z\u00fcm \u00fcretmekle kalmay\u0131p ayn\u0131 zaman da yeni arkada\u015fl\u0131klar ve dostluklarda edindiler.<\/p>\n<p><strong><u>KOM\u0130TELER:<\/u><\/strong><\/p>\n<p><strong><u>GENEL \u00c7ALI\u015eTAYLAR<\/u><\/strong><\/p>\n<p><strong><u>GT1: Sosyal \u0130nsani ve K\u00fclt\u00fcrel Komite<\/u><\/strong><\/p>\n<p><strong><u>SOCHUM<\/u><\/strong><\/p>\n<p>Sosyal, \u0130nsani ve K\u00fclt\u00fcrel Komite (SOCHUM) ayn\u0131 zamanda Birle\u015fmi\u015f Milletler Genel Kurulu&#8217;nun \u00fc\u00e7\u00fcnc\u00fc komitesi olup, d\u00fcnyadaki t\u00fcm insanlar\u0131n sosyal, insani i\u015fler ve insan haklar\u0131 meselelerine kadar \u00e7e\u015fitli konular\u0131 ele al\u0131r. Y\u0131llar i\u00e7inde, Sosyal, \u0130nsani ve K\u00fclt\u00fcr Komitesi, kad\u0131nlar\u0131n ilerlemesi, \u00e7ocuklar\u0131n korunmas\u0131, yerli meseleleri, m\u00fcltecilere muamele, \u0131rk\u00e7\u0131l\u0131\u011f\u0131n ve \u0131rk ayr\u0131mc\u0131l\u0131\u011f\u0131n\u0131n ortadan kald\u0131r\u0131lmas\u0131 yoluyla temel \u00f6zg\u00fcrl\u00fcklerin geli\u015ftirilmesi ve kendi kaderini tayin hakk\u0131 ile ilgili sorular\u0131 tart\u0131\u015ft\u0131. Komite ayr\u0131ca gen\u00e7lik, aile, ya\u015flanma, engelliler, su\u00e7 \u00f6nleme, ceza adaleti ve uluslararas\u0131 uyu\u015fturucu kontrol\u00fc ile ilgili konular gibi \u00f6nemli sosyal kalk\u0131nma sorular\u0131n\u0131 da ele almaktad\u0131r. Di\u011fer Genel Kurul komiteleri gibi, SOCHUM da di\u011fer h\u00fck\u00fcmet ve sivil toplum kurulu\u015flar\u0131, BM ve BM d\u0131\u015f\u0131 kurulu\u015flarla yak\u0131n \u00e7al\u0131\u015f\u0131r.<\/p>\n<p>Bu y\u0131l delegeler DENMUN\u201921 SOCHUM komitesinde COVID-19 i\u00e7in \u201cgeli\u015fmekte olan ve az geli\u015fmi\u015f \u00fclkelerde a\u015f\u0131 da\u011f\u0131t\u0131m\u0131 ve hastalar i\u00e7in t\u0131bbi bak\u0131m\u201d konusu \u00fczerinde tart\u0131\u015fmalar ve \u00e7\u00f6z\u00fcmleri \u00fczerine \u00e7al\u0131\u015fmalar yapt\u0131lar.<\/p>\n<p><strong><u>GT2: Yasal Komite<\/u><\/strong><\/p>\n<p><strong><u>LEGAL<\/u><\/strong><\/p>\n<p>Genel Kurul Alt\u0131nc\u0131 Komite (LEGAL), Genel Kurul&#8217;da hukuki sorunlar\u0131n g\u00f6r\u00fc\u015f\u00fcld\u00fc\u011f\u00fc ana forumdur. T\u00fcm Birle\u015fmi\u015f Milletler \u00dcye Devletleri, Genel Kurul&#8217;un ana komitelerinden biri olarak Alt\u0131nc\u0131 Komite \u2018de temsil edilme hakk\u0131na sahiptir. Komitenin her \u00fcyesi, uluslararas\u0131 kamu hukukunun iyile\u015ftirilmesini te\u015fvik etmekle y\u00fck\u00fcml\u00fcd\u00fcr. Genel Kurul Alt\u0131nc\u0131 Komite, insan haklar\u0131, ticaret ve ceza adaletinin ihlali ile ilgili \u00e7ok say\u0131da k\u00fcresel sorunla ilgili yeni anla\u015fmalar\u0131n yetkilendirilmesi \u00fczerine bir dizi tart\u0131\u015fmay\u0131 zorunlu k\u0131larken, uluslararas\u0131 imzay\u0131, onaylamay\u0131 ve daha sonraki de\u011fi\u015fikliklerle halihaz\u0131rda var olan kanunlara kat\u0131l\u0131m\u0131 sa\u011flar. Komite, siyasi alanda uluslararas\u0131 i\u015f birli\u011fini geli\u015ftirmeye y\u00f6nelik \u00e7al\u0131\u015fmalar y\u00fcr\u00fctt\u00fc\u011f\u00fc ve t\u00fcm \u00dcye Devletlerin uluslararas\u0131 hukukun gereklerini yerine getirmesi i\u00e7in bir platform olu\u015fturdu\u011fu i\u00e7in Birle\u015fmi\u015f Milletler \u2018de \u00f6nemli bir role sahiptir. Bu y\u0131l delegeler DENMUN\u201921 LEGAL komitesinde \u201cd\u00fcnya \u00e7ap\u0131nda oy kullanma yasalar\u0131n\u0131n reg\u00fclasyonu\u201d konusu \u00fczerinde tart\u0131\u015fmalar ve \u00e7\u00f6z\u00fcmleri \u00fczerine \u00e7al\u0131\u015fmalar yapt\u0131lar.<\/p>\n<p><img loading=\"lazy\" decoding=\"async\" class=\"aligncenter size-large wp-image-2614\" src=\"http:\/\/www.denizati.net\/trl\/wp-content\/uploads\/2021\/05\/the-opening-ceremony-1-1024x576.jpg\" alt=\"\" width=\"640\" height=\"360\" srcset=\"https:\/\/www.denizati.net\/trl\/wp-content\/uploads\/2021\/05\/the-opening-ceremony-1-1024x576.jpg 1024w, https:\/\/www.denizati.net\/trl\/wp-content\/uploads\/2021\/05\/the-opening-ceremony-1-300x169.jpg 300w, https:\/\/www.denizati.net\/trl\/wp-content\/uploads\/2021\/05\/the-opening-ceremony-1-768x432.jpg 768w, https:\/\/www.denizati.net\/trl\/wp-content\/uploads\/2021\/05\/the-opening-ceremony-1-696x392.jpg 696w, https:\/\/www.denizati.net\/trl\/wp-content\/uploads\/2021\/05\/the-opening-ceremony-1-1068x601.jpg 1068w, https:\/\/www.denizati.net\/trl\/wp-content\/uploads\/2021\/05\/the-opening-ceremony-1-747x420.jpg 747w, https:\/\/www.denizati.net\/trl\/wp-content\/uploads\/2021\/05\/the-opening-ceremony-1.jpg 1280w\" sizes=\"auto, (max-width: 640px) 100vw, 640px\" \/> <img loading=\"lazy\" decoding=\"async\" class=\"aligncenter size-large wp-image-2615\" src=\"http:\/\/www.denizati.net\/trl\/wp-content\/uploads\/2021\/05\/the-opening-ceremony-2-1024x576.jpg\" alt=\"\" width=\"640\" height=\"360\" srcset=\"https:\/\/www.denizati.net\/trl\/wp-content\/uploads\/2021\/05\/the-opening-ceremony-2-1024x576.jpg 1024w, https:\/\/www.denizati.net\/trl\/wp-content\/uploads\/2021\/05\/the-opening-ceremony-2-300x169.jpg 300w, https:\/\/www.denizati.net\/trl\/wp-content\/uploads\/2021\/05\/the-opening-ceremony-2-768x432.jpg 768w, https:\/\/www.denizati.net\/trl\/wp-content\/uploads\/2021\/05\/the-opening-ceremony-2-696x392.jpg 696w, https:\/\/www.denizati.net\/trl\/wp-content\/uploads\/2021\/05\/the-opening-ceremony-2-1068x601.jpg 1068w, https:\/\/www.denizati.net\/trl\/wp-content\/uploads\/2021\/05\/the-opening-ceremony-2-747x420.jpg 747w, https:\/\/www.denizati.net\/trl\/wp-content\/uploads\/2021\/05\/the-opening-ceremony-2.jpg 1280w\" sizes=\"auto, (max-width: 640px) 100vw, 640px\" \/> <img loading=\"lazy\" decoding=\"async\" class=\"aligncenter size-large wp-image-2616\" src=\"http:\/\/www.denizati.net\/trl\/wp-content\/uploads\/2021\/05\/the-opening-ceremony-3-1024x576.jpg\" alt=\"\" width=\"640\" height=\"360\" srcset=\"https:\/\/www.denizati.net\/trl\/wp-content\/uploads\/2021\/05\/the-opening-ceremony-3-1024x576.jpg 1024w, https:\/\/www.denizati.net\/trl\/wp-content\/uploads\/2021\/05\/the-opening-ceremony-3-300x169.jpg 300w, https:\/\/www.denizati.net\/trl\/wp-content\/uploads\/2021\/05\/the-opening-ceremony-3-768x432.jpg 768w, https:\/\/www.denizati.net\/trl\/wp-content\/uploads\/2021\/05\/the-opening-ceremony-3-696x392.jpg 696w, https:\/\/www.denizati.net\/trl\/wp-content\/uploads\/2021\/05\/the-opening-ceremony-3-1068x601.jpg 1068w, https:\/\/www.denizati.net\/trl\/wp-content\/uploads\/2021\/05\/the-opening-ceremony-3-747x420.jpg 747w, https:\/\/www.denizati.net\/trl\/wp-content\/uploads\/2021\/05\/the-opening-ceremony-3.jpg 1280w\" sizes=\"auto, (max-width: 640px) 100vw, 640px\" \/> <img loading=\"lazy\" decoding=\"async\" class=\"aligncenter size-large wp-image-2617\" src=\"http:\/\/www.denizati.net\/trl\/wp-content\/uploads\/2021\/05\/the-opening-ceremony-4-1024x576.jpg\" alt=\"\" width=\"640\" height=\"360\" srcset=\"https:\/\/www.denizati.net\/trl\/wp-content\/uploads\/2021\/05\/the-opening-ceremony-4-1024x576.jpg 1024w, https:\/\/www.denizati.net\/trl\/wp-content\/uploads\/2021\/05\/the-opening-ceremony-4-300x169.jpg 300w, https:\/\/www.denizati.net\/trl\/wp-content\/uploads\/2021\/05\/the-opening-ceremony-4-768x432.jpg 768w, https:\/\/www.denizati.net\/trl\/wp-content\/uploads\/2021\/05\/the-opening-ceremony-4-696x392.jpg 696w, https:\/\/www.denizati.net\/trl\/wp-content\/uploads\/2021\/05\/the-opening-ceremony-4-1068x601.jpg 1068w, https:\/\/www.denizati.net\/trl\/wp-content\/uploads\/2021\/05\/the-opening-ceremony-4-747x420.jpg 747w, https:\/\/www.denizati.net\/trl\/wp-content\/uploads\/2021\/05\/the-opening-ceremony-4.jpg 1280w\" sizes=\"auto, (max-width: 640px) 100vw, 640px\" \/><\/p>\n<p><a href=\"http:\/\/www.denizati.net\/trl\/wp-content\/uploads\/2021\/05\/DENMUN-2021-web-yaz\u0131s\u0131.pdf\">DENMUN 2021<\/a><\/p>\n","protected":false},"excerpt":{"rendered":"<p>\u00d6ZEL DEN\u0130ZATI ANADOLU L\u0130SES\u0130 YABANCI D\u0130LLER B\u00d6L\u00dcM\u00dc \u00a0\u00a0\u00a0\u00a0\u00a0\u00a0\u00a0\u00a0 DENMUN 2021 KONFERANSI \u00a0Tarih: 28-30 May\u0131s 2021 Yer: Denizat\u0131 Okullar\u0131 Zoom Platformu Online konferans\u0131 Kat\u0131l\u0131mc\u0131 Say\u0131s\u0131: 150 D\u00fczenleyen: \u00d6zel Denizat\u0131 Anadolu Lisesi MUN Kul\u00fcb\u00fc Web adresi: www.denmun.org &nbsp; \u00d6zel Denizat\u0131 Anadolu Lisesi Model Birle\u015fmi\u015f Milletler Konferans\u0131;\u00a0\u00a0\u00a0\u00a0\u00a0\u00a0\u00a0\u00a0\u00a0\u00a0\u00a0\u00a0\u00a0\u00a0\u00a0\u00a0\u00a0\u00a0\u00a0\u00a0\u00a0\u00a0\u00a0\u00a0\u00a0\u00a0 \u201cDENMUN 2021\u201d, 28-30 May\u0131s 2021 tarihlerinde Zoom platformu \u00fczerinden online olarak [&hellip;]<\/p>\n","protected":false},"author":1,"featured_media":2619,"comment_status":"open","ping_status":"open","sticky":false,"template":"","format":"standard","meta":{"om_disable_all_campaigns":false,"_monsterinsights_skip_tracking":false,"_monsterinsights_sitenote_active":false,"_monsterinsights_sitenote_note":"","_monsterinsights_sitenote_category":0,"footnotes":""},"categories":[1],"tags":[],"class_list":["post-2613","post","type-post","status-publish","format-standard","has-post-thumbnail","hentry","category-genel"],"aioseo_notices":[],"_links":{"self":[{"href":"https:\/\/www.denizati.net\/trl\/wp-json\/wp\/v2\/posts\/2613","targetHints":{"allow":["GET"]}}],"collection":[{"href":"https:\/\/www.denizati.net\/trl\/wp-json\/wp\/v2\/posts"}],"about":[{"href":"https:\/\/www.denizati.net\/trl\/wp-json\/wp\/v2\/types\/post"}],"author":[{"embeddable":true,"href":"https:\/\/www.denizati.net\/trl\/wp-json\/wp\/v2\/users\/1"}],"replies":[{"embeddable":true,"href":"https:\/\/www.denizati.net\/trl\/wp-json\/wp\/v2\/comments?post=2613"}],"version-history":[{"count":0,"href":"https:\/\/www.denizati.net\/trl\/wp-json\/wp\/v2\/posts\/2613\/revisions"}],"wp:featuredmedia":[{"embeddable":true,"href":"https:\/\/www.denizati.net\/trl\/wp-json\/wp\/v2\/media\/2619"}],"wp:attachment":[{"href":"https:\/\/www.denizati.net\/trl\/wp-json\/wp\/v2\/media?parent=2613"}],"wp:term":[{"taxonomy":"category","embeddable":true,"href":"https:\/\/www.denizati.net\/trl\/wp-json\/wp\/v2\/categories?post=2613"},{"taxonomy":"post_tag","embeddable":true,"href":"https:\/\/www.denizati.net\/trl\/wp-json\/wp\/v2\/tags?post=2613"}],"curies":[{"name":"wp","href":"https:\/\/api.w.org\/{rel}","templated":true}]}}