{"id":2527,"date":"2020-04-30T20:21:41","date_gmt":"2020-04-30T17:21:41","guid":{"rendered":"http:\/\/www.denizati.net\/trl\/?p=2527"},"modified":"2020-04-30T20:21:41","modified_gmt":"2020-04-30T17:21:41","slug":"velilerimiz-ile-bulusuyoruz","status":"publish","type":"post","link":"https:\/\/www.denizati.net\/trl\/velilerimiz-ile-bulusuyoruz","title":{"rendered":"Velilerimiz ile bulu\u015fuyoruz&#8230;"},"content":{"rendered":"<p style=\"font-weight: 400;\">Sevgili Velilerimiz,<\/p>\n<p style=\"font-weight: 400;\">T\u00fcm d\u00fcnyada oldu\u011fu gibi \u00fclkemizde de ya\u015fanan Pandemi s\u00fcreci bizlerin farkl\u0131 rolleri \u00fcstlenmesine neden oldu. Birden evlerimizde anne, baba, i\u015f insan\u0131 ve \u00f6\u011fretmen olarak bulduk kendimizi. Bu zorlu s\u00fcre\u00e7te ebeveyn olarak \u00e7ocuklar\u0131m\u0131z\u0131n, kendimizin ve kendi ebeveynlerimizin sa\u011fl\u0131\u011f\u0131yla ilgili endi\u015felerimiz s\u00f6z konusu.<\/p>\n<p style=\"font-weight: 400;\">Bu kayg\u0131larla birlikte y\u00fczlerce soru var kafam\u0131z\u0131 kurcalayan.\u00a0 Pandemi s\u00fcrecinde evde d\u00fczen nas\u0131l olmal\u0131? \u00c7ocu\u011fuma nas\u0131l yakla\u015fmal\u0131y\u0131m? Kurallar ve s\u0131n\u0131rlar nas\u0131l olmal\u0131? Ekran kullan\u0131m\u0131n\u0131 k\u0131s\u0131tlamal\u0131 m\u0131y\u0131m? Hangi konularda zorlamal\u0131y\u0131m? Online derslere kat\u0131lmak istemezse nas\u0131l davranmal\u0131y\u0131m?<\/p>\n<p style=\"font-weight: 400;\">Biz de Rehberlik Servisi olarak bu sorular\u0131n cevaplar\u0131n\u0131 sizlerle konu\u015fmak istedik. Amac\u0131m\u0131z sizlerle bir araya geldi\u011fimizde bu sorular\u0131n cevaplar\u0131n\u0131 sizlerle payla\u015fabilmek. \u015eimdiden kat\u0131l\u0131mlar\u0131n\u0131z i\u00e7in te\u015fekk\u00fcr ederiz. Sa\u011fl\u0131kl\u0131 g\u00fcnlerde bulu\u015fmak dile\u011fiyle sevgi ve sayg\u0131lar\u0131m\u0131zla.<\/p>\n<p><img loading=\"lazy\" decoding=\"async\" class=\"aligncenter size-large wp-image-2528\" src=\"http:\/\/www.denizati.net\/trl\/wp-content\/uploads\/2020\/04\/AFI\u0307S\u03271-724x1024.jpg\" alt=\"\" width=\"640\" height=\"905\" srcset=\"https:\/\/www.denizati.net\/trl\/wp-content\/uploads\/2020\/04\/AFI\u0307S\u03271-724x1024.jpg 724w, https:\/\/www.denizati.net\/trl\/wp-content\/uploads\/2020\/04\/AFI\u0307S\u03271-212x300.jpg 212w, https:\/\/www.denizati.net\/trl\/wp-content\/uploads\/2020\/04\/AFI\u0307S\u03271-768x1086.jpg 768w, https:\/\/www.denizati.net\/trl\/wp-content\/uploads\/2020\/04\/AFI\u0307S\u03271-696x984.jpg 696w, https:\/\/www.denizati.net\/trl\/wp-content\/uploads\/2020\/04\/AFI\u0307S\u03271-1068x1510.jpg 1068w, https:\/\/www.denizati.net\/trl\/wp-content\/uploads\/2020\/04\/AFI\u0307S\u03271-297x420.jpg 297w, https:\/\/www.denizati.net\/trl\/wp-content\/uploads\/2020\/04\/AFI\u0307S\u03271.jpg 1654w\" sizes=\"auto, (max-width: 640px) 100vw, 640px\" \/><\/p>\n","protected":false},"excerpt":{"rendered":"<p>Sevgili Velilerimiz, T\u00fcm d\u00fcnyada oldu\u011fu gibi \u00fclkemizde de ya\u015fanan Pandemi s\u00fcreci bizlerin farkl\u0131 rolleri \u00fcstlenmesine neden oldu. Birden evlerimizde anne, baba, i\u015f insan\u0131 ve \u00f6\u011fretmen olarak bulduk kendimizi. Bu zorlu s\u00fcre\u00e7te ebeveyn olarak \u00e7ocuklar\u0131m\u0131z\u0131n, kendimizin ve kendi ebeveynlerimizin sa\u011fl\u0131\u011f\u0131yla ilgili endi\u015felerimiz s\u00f6z konusu. Bu kayg\u0131larla birlikte y\u00fczlerce soru var kafam\u0131z\u0131 kurcalayan.\u00a0 Pandemi s\u00fcrecinde evde d\u00fczen [&hellip;]<\/p>\n","protected":false},"author":1,"featured_media":2507,"comment_status":"open","ping_status":"open","sticky":false,"template":"","format":"standard","meta":{"om_disable_all_campaigns":false,"_monsterinsights_skip_tracking":false,"_monsterinsights_sitenote_active":false,"_monsterinsights_sitenote_note":"","_monsterinsights_sitenote_category":0,"footnotes":""},"categories":[1],"tags":[],"class_list":["post-2527","post","type-post","status-publish","format-standard","has-post-thumbnail","hentry","category-genel"],"aioseo_notices":[],"_links":{"self":[{"href":"https:\/\/www.denizati.net\/trl\/wp-json\/wp\/v2\/posts\/2527","targetHints":{"allow":["GET"]}}],"collection":[{"href":"https:\/\/www.denizati.net\/trl\/wp-json\/wp\/v2\/posts"}],"about":[{"href":"https:\/\/www.denizati.net\/trl\/wp-json\/wp\/v2\/types\/post"}],"author":[{"embeddable":true,"href":"https:\/\/www.denizati.net\/trl\/wp-json\/wp\/v2\/users\/1"}],"replies":[{"embeddable":true,"href":"https:\/\/www.denizati.net\/trl\/wp-json\/wp\/v2\/comments?post=2527"}],"version-history":[{"count":0,"href":"https:\/\/www.denizati.net\/trl\/wp-json\/wp\/v2\/posts\/2527\/revisions"}],"wp:featuredmedia":[{"embeddable":true,"href":"https:\/\/www.denizati.net\/trl\/wp-json\/wp\/v2\/media\/2507"}],"wp:attachment":[{"href":"https:\/\/www.denizati.net\/trl\/wp-json\/wp\/v2\/media?parent=2527"}],"wp:term":[{"taxonomy":"category","embeddable":true,"href":"https:\/\/www.denizati.net\/trl\/wp-json\/wp\/v2\/categories?post=2527"},{"taxonomy":"post_tag","embeddable":true,"href":"https:\/\/www.denizati.net\/trl\/wp-json\/wp\/v2\/tags?post=2527"}],"curies":[{"name":"wp","href":"https:\/\/api.w.org\/{rel}","templated":true}]}}