{"id":2516,"date":"2020-04-23T08:17:51","date_gmt":"2020-04-23T05:17:51","guid":{"rendered":"http:\/\/www.denizati.net\/trl\/?p=2516"},"modified":"2020-04-23T14:49:25","modified_gmt":"2020-04-23T11:49:25","slug":"23-nisan-ulusal-egemenlik-ve-cocuk-bayrami-kutlu-olsun","status":"publish","type":"post","link":"https:\/\/www.denizati.net\/trl\/23-nisan-ulusal-egemenlik-ve-cocuk-bayrami-kutlu-olsun","title":{"rendered":"23 Nisan Ulusal Egemenlik ve \u00c7ocuk Bayram\u0131 kutlu olsun."},"content":{"rendered":"<p>&nbsp;<\/p>\n<p>Dizildiler Denizat\u0131 \u00e7ocuklar\u0131 s\u0131ra s\u0131ra ekran kar\u015f\u0131s\u0131na .Ellerinde ay y\u0131ld\u0131zl\u0131 bayraklar\u0131 ile.<\/p>\n<p>Y\u00fcreklerinde Ulu \u00d6nder Atat\u00fcrk\u2019\u00fcn sevgisi, g\u00f6zlerinde bayram co\u015fkusuyla.<\/p>\n<p>Dinlediler sar\u0131lamad\u0131klar\u0131 \u00f6\u011fretmenlerini.<\/p>\n<p>\u00d6\u011fretmenleri dedi ki:<\/p>\n<p>Bug\u00fcn her zorlukta y\u0131lmaman\u0131n, \u00f6zg\u00fcrl\u00fck i\u00e7in and i\u00e7menin ba\u015flang\u0131\u00e7 g\u00fcn\u00fcd\u00fcr.<\/p>\n<p>Bug\u00fcn 100 y\u0131l \u00f6nce ba\u015flayan T\u00fcrk\u2019\u00fcm, do\u011fruyum, \u00e7al\u0131\u015fkan\u0131m demenin ve Ata&#8217;m\u0131z\u0131n yolundan y\u00fcr\u00fcmenin\u00a0 g\u00fcn\u00fcd\u00fcr.<\/p>\n<p>T\u00fcrkiye B\u00fcy\u00fck Millet Meclisimizin a\u00e7\u0131l\u0131\u015f\u0131n\u0131n 100.y\u0131l\u0131 hepimize kutlu olsun \u00e7ocuklar!<\/p>\n<p><img loading=\"lazy\" decoding=\"async\" class=\"aligncenter size-full wp-image-2521\" src=\"http:\/\/www.denizati.net\/trl\/wp-content\/uploads\/2020\/04\/Ekran-Resmi-2020-04-23-14.48.15.png\" alt=\"\" width=\"732\" height=\"424\" srcset=\"https:\/\/www.denizati.net\/trl\/wp-content\/uploads\/2020\/04\/Ekran-Resmi-2020-04-23-14.48.15.png 732w, https:\/\/www.denizati.net\/trl\/wp-content\/uploads\/2020\/04\/Ekran-Resmi-2020-04-23-14.48.15-300x174.png 300w, https:\/\/www.denizati.net\/trl\/wp-content\/uploads\/2020\/04\/Ekran-Resmi-2020-04-23-14.48.15-696x403.png 696w, https:\/\/www.denizati.net\/trl\/wp-content\/uploads\/2020\/04\/Ekran-Resmi-2020-04-23-14.48.15-725x420.png 725w\" sizes=\"auto, (max-width: 732px) 100vw, 732px\" \/><\/p>\n<p>&nbsp;<\/p>\n<p><img loading=\"lazy\" decoding=\"async\" class=\"aligncenter size-large wp-image-2517\" src=\"http:\/\/www.denizati.net\/trl\/wp-content\/uploads\/2020\/04\/23-NI\u0307SAN-KUTLU-OLSUN3_Sayfa_1-724x1024.jpg\" alt=\"\" width=\"640\" height=\"905\" srcset=\"https:\/\/www.denizati.net\/trl\/wp-content\/uploads\/2020\/04\/23-NI\u0307SAN-KUTLU-OLSUN3_Sayfa_1-724x1024.jpg 724w, https:\/\/www.denizati.net\/trl\/wp-content\/uploads\/2020\/04\/23-NI\u0307SAN-KUTLU-OLSUN3_Sayfa_1-212x300.jpg 212w, https:\/\/www.denizati.net\/trl\/wp-content\/uploads\/2020\/04\/23-NI\u0307SAN-KUTLU-OLSUN3_Sayfa_1-768x1087.jpg 768w, https:\/\/www.denizati.net\/trl\/wp-content\/uploads\/2020\/04\/23-NI\u0307SAN-KUTLU-OLSUN3_Sayfa_1-696x985.jpg 696w, https:\/\/www.denizati.net\/trl\/wp-content\/uploads\/2020\/04\/23-NI\u0307SAN-KUTLU-OLSUN3_Sayfa_1-1068x1511.jpg 1068w, https:\/\/www.denizati.net\/trl\/wp-content\/uploads\/2020\/04\/23-NI\u0307SAN-KUTLU-OLSUN3_Sayfa_1-297x420.jpg 297w, https:\/\/www.denizati.net\/trl\/wp-content\/uploads\/2020\/04\/23-NI\u0307SAN-KUTLU-OLSUN3_Sayfa_1.jpg 1653w\" sizes=\"auto, (max-width: 640px) 100vw, 640px\" \/><\/p>\n<p>&nbsp;<\/p>\n<p><img loading=\"lazy\" decoding=\"async\" class=\"aligncenter size-large wp-image-2518\" src=\"http:\/\/www.denizati.net\/trl\/wp-content\/uploads\/2020\/04\/23-NI\u0307SAN-KUTLU-OLSUN3_Sayfa_2-724x1024.jpg\" alt=\"\" width=\"640\" height=\"905\" srcset=\"https:\/\/www.denizati.net\/trl\/wp-content\/uploads\/2020\/04\/23-NI\u0307SAN-KUTLU-OLSUN3_Sayfa_2-724x1024.jpg 724w, https:\/\/www.denizati.net\/trl\/wp-content\/uploads\/2020\/04\/23-NI\u0307SAN-KUTLU-OLSUN3_Sayfa_2-212x300.jpg 212w, https:\/\/www.denizati.net\/trl\/wp-content\/uploads\/2020\/04\/23-NI\u0307SAN-KUTLU-OLSUN3_Sayfa_2-768x1087.jpg 768w, https:\/\/www.denizati.net\/trl\/wp-content\/uploads\/2020\/04\/23-NI\u0307SAN-KUTLU-OLSUN3_Sayfa_2-696x985.jpg 696w, https:\/\/www.denizati.net\/trl\/wp-content\/uploads\/2020\/04\/23-NI\u0307SAN-KUTLU-OLSUN3_Sayfa_2-1068x1511.jpg 1068w, https:\/\/www.denizati.net\/trl\/wp-content\/uploads\/2020\/04\/23-NI\u0307SAN-KUTLU-OLSUN3_Sayfa_2-297x420.jpg 297w\" sizes=\"auto, (max-width: 640px) 100vw, 640px\" \/><\/p>\n<p><img loading=\"lazy\" decoding=\"async\" class=\"aligncenter size-large wp-image-2519\" src=\"http:\/\/www.denizati.net\/trl\/wp-content\/uploads\/2020\/04\/23-NI\u0307SAN-KUTLU-OLSUN3_Sayfa_3-724x1024.jpg\" alt=\"\" width=\"640\" height=\"905\" srcset=\"https:\/\/www.denizati.net\/trl\/wp-content\/uploads\/2020\/04\/23-NI\u0307SAN-KUTLU-OLSUN3_Sayfa_3-724x1024.jpg 724w, https:\/\/www.denizati.net\/trl\/wp-content\/uploads\/2020\/04\/23-NI\u0307SAN-KUTLU-OLSUN3_Sayfa_3-212x300.jpg 212w, https:\/\/www.denizati.net\/trl\/wp-content\/uploads\/2020\/04\/23-NI\u0307SAN-KUTLU-OLSUN3_Sayfa_3-768x1086.jpg 768w, https:\/\/www.denizati.net\/trl\/wp-content\/uploads\/2020\/04\/23-NI\u0307SAN-KUTLU-OLSUN3_Sayfa_3-696x984.jpg 696w, https:\/\/www.denizati.net\/trl\/wp-content\/uploads\/2020\/04\/23-NI\u0307SAN-KUTLU-OLSUN3_Sayfa_3-1068x1510.jpg 1068w, https:\/\/www.denizati.net\/trl\/wp-content\/uploads\/2020\/04\/23-NI\u0307SAN-KUTLU-OLSUN3_Sayfa_3-297x420.jpg 297w, https:\/\/www.denizati.net\/trl\/wp-content\/uploads\/2020\/04\/23-NI\u0307SAN-KUTLU-OLSUN3_Sayfa_3.jpg 1654w\" sizes=\"auto, (max-width: 640px) 100vw, 640px\" \/><\/p>\n","protected":false},"excerpt":{"rendered":"<p>&nbsp; Dizildiler Denizat\u0131 \u00e7ocuklar\u0131 s\u0131ra s\u0131ra ekran kar\u015f\u0131s\u0131na .Ellerinde ay y\u0131ld\u0131zl\u0131 bayraklar\u0131 ile. Y\u00fcreklerinde Ulu \u00d6nder Atat\u00fcrk\u2019\u00fcn sevgisi, g\u00f6zlerinde bayram co\u015fkusuyla. Dinlediler sar\u0131lamad\u0131klar\u0131 \u00f6\u011fretmenlerini. \u00d6\u011fretmenleri dedi ki: Bug\u00fcn her zorlukta y\u0131lmaman\u0131n, \u00f6zg\u00fcrl\u00fck i\u00e7in and i\u00e7menin ba\u015flang\u0131\u00e7 g\u00fcn\u00fcd\u00fcr. Bug\u00fcn 100 y\u0131l \u00f6nce ba\u015flayan T\u00fcrk\u2019\u00fcm, do\u011fruyum, \u00e7al\u0131\u015fkan\u0131m demenin ve Ata&#8217;m\u0131z\u0131n yolundan y\u00fcr\u00fcmenin\u00a0 g\u00fcn\u00fcd\u00fcr. T\u00fcrkiye B\u00fcy\u00fck Millet Meclisimizin [&hellip;]<\/p>\n","protected":false},"author":1,"featured_media":2521,"comment_status":"open","ping_status":"open","sticky":false,"template":"","format":"standard","meta":{"om_disable_all_campaigns":false,"_monsterinsights_skip_tracking":false,"_monsterinsights_sitenote_active":false,"_monsterinsights_sitenote_note":"","_monsterinsights_sitenote_category":0,"footnotes":""},"categories":[1],"tags":[],"class_list":["post-2516","post","type-post","status-publish","format-standard","has-post-thumbnail","hentry","category-genel"],"aioseo_notices":[],"_links":{"self":[{"href":"https:\/\/www.denizati.net\/trl\/wp-json\/wp\/v2\/posts\/2516","targetHints":{"allow":["GET"]}}],"collection":[{"href":"https:\/\/www.denizati.net\/trl\/wp-json\/wp\/v2\/posts"}],"about":[{"href":"https:\/\/www.denizati.net\/trl\/wp-json\/wp\/v2\/types\/post"}],"author":[{"embeddable":true,"href":"https:\/\/www.denizati.net\/trl\/wp-json\/wp\/v2\/users\/1"}],"replies":[{"embeddable":true,"href":"https:\/\/www.denizati.net\/trl\/wp-json\/wp\/v2\/comments?post=2516"}],"version-history":[{"count":0,"href":"https:\/\/www.denizati.net\/trl\/wp-json\/wp\/v2\/posts\/2516\/revisions"}],"wp:featuredmedia":[{"embeddable":true,"href":"https:\/\/www.denizati.net\/trl\/wp-json\/wp\/v2\/media\/2521"}],"wp:attachment":[{"href":"https:\/\/www.denizati.net\/trl\/wp-json\/wp\/v2\/media?parent=2516"}],"wp:term":[{"taxonomy":"category","embeddable":true,"href":"https:\/\/www.denizati.net\/trl\/wp-json\/wp\/v2\/categories?post=2516"},{"taxonomy":"post_tag","embeddable":true,"href":"https:\/\/www.denizati.net\/trl\/wp-json\/wp\/v2\/tags?post=2516"}],"curies":[{"name":"wp","href":"https:\/\/api.w.org\/{rel}","templated":true}]}}