{"id":2082,"date":"2019-06-13T13:32:53","date_gmt":"2019-06-13T10:32:53","guid":{"rendered":"http:\/\/www.denizati.net\/trl\/?p=2082"},"modified":"2019-06-13T13:33:13","modified_gmt":"2019-06-13T10:33:13","slug":"the-read-speak-upload-yarismasi","status":"publish","type":"post","link":"https:\/\/www.denizati.net\/trl\/the-read-speak-upload-yarismasi","title":{"rendered":"The READ \u2013 SPEAK \u2013 UPLOAD YARI\u015eMASI"},"content":{"rendered":"<p>UES yay\u0131nevi taraf\u0131ndan T\u00fcrkiye liseler aras\u0131 <strong><em>The READ \u2013 SPEAK &#8211; UPLOAD<\/em><\/strong> adl\u0131 yar\u0131\u015fmada \u00d6zel Denizat\u0131 Anadolu Lisesi 9.S\u0131n\u0131f \u00f6\u011frencimiz <strong><em>Do\u011fa Melek \u00c7INAR<\/em><\/strong> \u00a0600 ki\u015fi ve 45 okulun kat\u0131l\u0131mda bulundu\u011fu yar\u0131\u015fmada T\u00fcrkiye 2.si olmu\u015ftur.<\/p>\n<p>13 Haziran Per\u015fembe g\u00fcn\u00fc lise binam\u0131zda d\u00fczenlenen t\u00f6ren ile \u00f6\u011frencimiz UES Yay\u0131nevi Direkt\u00f6r\u00fc Say\u0131n <em>Steven Ogden<\/em>\u2019den \u00f6d\u00fcl\u00fcn\u00fc alarak okulumuzu ba\u015far\u0131s\u0131 ile mutlu etmi\u015ftir. \u00d6\u011frencimizi bu ba\u015far\u0131s\u0131ndan dolay\u0131 kutluyoruz.<\/p>\n<p><img loading=\"lazy\" decoding=\"async\" class=\"aligncenter wp-image-2083\" src=\"http:\/\/www.denizati.net\/trl\/wp-content\/uploads\/2019\/06\/20190613_101712-768x1024.jpg\" alt=\"\" width=\"438\" height=\"584\" srcset=\"https:\/\/www.denizati.net\/trl\/wp-content\/uploads\/2019\/06\/20190613_101712-768x1024.jpg 768w, https:\/\/www.denizati.net\/trl\/wp-content\/uploads\/2019\/06\/20190613_101712-225x300.jpg 225w, https:\/\/www.denizati.net\/trl\/wp-content\/uploads\/2019\/06\/20190613_101712-696x928.jpg 696w, https:\/\/www.denizati.net\/trl\/wp-content\/uploads\/2019\/06\/20190613_101712-1068x1424.jpg 1068w, https:\/\/www.denizati.net\/trl\/wp-content\/uploads\/2019\/06\/20190613_101712-315x420.jpg 315w\" sizes=\"auto, (max-width: 438px) 100vw, 438px\" \/> <img loading=\"lazy\" decoding=\"async\" class=\"aligncenter wp-image-2087\" src=\"http:\/\/www.denizati.net\/trl\/wp-content\/uploads\/2019\/06\/IMG_4760-768x1024.jpg\" alt=\"\" width=\"434\" height=\"579\" srcset=\"https:\/\/www.denizati.net\/trl\/wp-content\/uploads\/2019\/06\/IMG_4760-768x1024.jpg 768w, https:\/\/www.denizati.net\/trl\/wp-content\/uploads\/2019\/06\/IMG_4760-225x300.jpg 225w, https:\/\/www.denizati.net\/trl\/wp-content\/uploads\/2019\/06\/IMG_4760-696x928.jpg 696w, https:\/\/www.denizati.net\/trl\/wp-content\/uploads\/2019\/06\/IMG_4760-1068x1424.jpg 1068w, https:\/\/www.denizati.net\/trl\/wp-content\/uploads\/2019\/06\/IMG_4760-315x420.jpg 315w\" sizes=\"auto, (max-width: 434px) 100vw, 434px\" \/><\/p>\n","protected":false},"excerpt":{"rendered":"<p>UES yay\u0131nevi taraf\u0131ndan T\u00fcrkiye liseler aras\u0131 The READ \u2013 SPEAK &#8211; UPLOAD adl\u0131 yar\u0131\u015fmada \u00d6zel Denizat\u0131 Anadolu Lisesi 9.S\u0131n\u0131f \u00f6\u011frencimiz Do\u011fa Melek \u00c7INAR \u00a0600 ki\u015fi ve 45 okulun kat\u0131l\u0131mda bulundu\u011fu yar\u0131\u015fmada T\u00fcrkiye 2.si olmu\u015ftur. 13 Haziran Per\u015fembe g\u00fcn\u00fc lise binam\u0131zda d\u00fczenlenen t\u00f6ren ile \u00f6\u011frencimiz UES Yay\u0131nevi Direkt\u00f6r\u00fc Say\u0131n Steven Ogden\u2019den \u00f6d\u00fcl\u00fcn\u00fc alarak okulumuzu ba\u015far\u0131s\u0131 ile [&hellip;]<\/p>\n","protected":false},"author":1,"featured_media":2088,"comment_status":"open","ping_status":"open","sticky":false,"template":"","format":"standard","meta":{"om_disable_all_campaigns":false,"_monsterinsights_skip_tracking":false,"_monsterinsights_sitenote_active":false,"_monsterinsights_sitenote_note":"","_monsterinsights_sitenote_category":0,"footnotes":""},"categories":[1],"tags":[],"class_list":["post-2082","post","type-post","status-publish","format-standard","has-post-thumbnail","hentry","category-genel"],"aioseo_notices":[],"_links":{"self":[{"href":"https:\/\/www.denizati.net\/trl\/wp-json\/wp\/v2\/posts\/2082","targetHints":{"allow":["GET"]}}],"collection":[{"href":"https:\/\/www.denizati.net\/trl\/wp-json\/wp\/v2\/posts"}],"about":[{"href":"https:\/\/www.denizati.net\/trl\/wp-json\/wp\/v2\/types\/post"}],"author":[{"embeddable":true,"href":"https:\/\/www.denizati.net\/trl\/wp-json\/wp\/v2\/users\/1"}],"replies":[{"embeddable":true,"href":"https:\/\/www.denizati.net\/trl\/wp-json\/wp\/v2\/comments?post=2082"}],"version-history":[{"count":0,"href":"https:\/\/www.denizati.net\/trl\/wp-json\/wp\/v2\/posts\/2082\/revisions"}],"wp:featuredmedia":[{"embeddable":true,"href":"https:\/\/www.denizati.net\/trl\/wp-json\/wp\/v2\/media\/2088"}],"wp:attachment":[{"href":"https:\/\/www.denizati.net\/trl\/wp-json\/wp\/v2\/media?parent=2082"}],"wp:term":[{"taxonomy":"category","embeddable":true,"href":"https:\/\/www.denizati.net\/trl\/wp-json\/wp\/v2\/categories?post=2082"},{"taxonomy":"post_tag","embeddable":true,"href":"https:\/\/www.denizati.net\/trl\/wp-json\/wp\/v2\/tags?post=2082"}],"curies":[{"name":"wp","href":"https:\/\/api.w.org\/{rel}","templated":true}]}}