{"id":7991,"date":"2018-04-17T12:56:52","date_gmt":"2018-04-17T09:56:52","guid":{"rendered":"http:\/\/www.denizati.net\/tr\/?p=7991"},"modified":"2018-09-19T15:52:13","modified_gmt":"2018-09-19T12:52:13","slug":"7p-7r-7s-siniflarimiz-humboldt-institut-lindenberg-dil-okulunda","status":"publish","type":"post","link":"https:\/\/www.denizati.net\/tr\/7p-7r-7s-siniflarimiz-humboldt-institut-lindenberg-dil-okulunda","title":{"rendered":"7P, 7R, 7S s\u0131n\u0131flar\u0131m\u0131z Humboldt Institut- Lindenberg Dil okulunda"},"content":{"rendered":"<p>7P, 7R, 7S (64 ki\u015fi) s\u0131n\u0131flar\u0131m\u0131z 07- 15 Nisan tarihleri aras\u0131nda Humboldt Institut- Lindenberg Dil okulunda haftada 30 saat Alman \u00f6\u011fretmenlerle ders yapt\u0131lar. Her g\u00fcn 8:30 &#8216;da dersleri ba\u015flayan \u00f6\u011frencilerimiz 12-14 ki\u015filik s\u0131n\u0131flarda Dil seviye belirleme s\u0131nav sonucuna g\u00f6re olu\u015fturulan s\u0131n\u0131flarda derslerini yapt\u0131lar. Okulda \u00f6\u011frendikleri dili peki\u015ftirmek ve o \u00fclkenin k\u00fclt\u00fcrel ve tarihini \u00f6\u011frenmek ad\u0131na geziler de d\u00fczenlendi.\u00a0\u200b<\/p>\n<div><img loading=\"lazy\" decoding=\"async\" class=\"aligncenter size-full wp-image-7980\" src=\"http:\/\/www.denizati.net\/tr\/wp-content\/uploads\/2018\/04\/alm.jpg\" alt=\"\" width=\"640\" height=\"480\" srcset=\"https:\/\/www.denizati.net\/tr\/wp-content\/uploads\/2018\/04\/alm.jpg 640w, https:\/\/www.denizati.net\/tr\/wp-content\/uploads\/2018\/04\/alm-300x225.jpg 300w, https:\/\/www.denizati.net\/tr\/wp-content\/uploads\/2018\/04\/alm-80x60.jpg 80w, https:\/\/www.denizati.net\/tr\/wp-content\/uploads\/2018\/04\/alm-265x198.jpg 265w, https:\/\/www.denizati.net\/tr\/wp-content\/uploads\/2018\/04\/alm-560x420.jpg 560w\" sizes=\"auto, (max-width: 640px) 100vw, 640px\" \/> <img loading=\"lazy\" decoding=\"async\" class=\"aligncenter size-large wp-image-7981\" src=\"http:\/\/www.denizati.net\/tr\/wp-content\/uploads\/2018\/04\/alm1.jpg\" alt=\"\" width=\"640\" height=\"480\" srcset=\"https:\/\/www.denizati.net\/tr\/wp-content\/uploads\/2018\/04\/alm1.jpg 640w, https:\/\/www.denizati.net\/tr\/wp-content\/uploads\/2018\/04\/alm1-300x225.jpg 300w, https:\/\/www.denizati.net\/tr\/wp-content\/uploads\/2018\/04\/alm1-80x60.jpg 80w, https:\/\/www.denizati.net\/tr\/wp-content\/uploads\/2018\/04\/alm1-265x198.jpg 265w, https:\/\/www.denizati.net\/tr\/wp-content\/uploads\/2018\/04\/alm1-560x420.jpg 560w\" sizes=\"auto, (max-width: 640px) 100vw, 640px\" \/> <img loading=\"lazy\" decoding=\"async\" class=\"aligncenter size-large wp-image-7982\" src=\"http:\/\/www.denizati.net\/tr\/wp-content\/uploads\/2018\/04\/gezi1.jpg\" alt=\"\" width=\"640\" height=\"360\" srcset=\"https:\/\/www.denizati.net\/tr\/wp-content\/uploads\/2018\/04\/gezi1.jpg 640w, https:\/\/www.denizati.net\/tr\/wp-content\/uploads\/2018\/04\/gezi1-300x169.jpg 300w\" sizes=\"auto, (max-width: 640px) 100vw, 640px\" \/> <img loading=\"lazy\" decoding=\"async\" class=\"aligncenter size-large wp-image-7983\" src=\"http:\/\/www.denizati.net\/tr\/wp-content\/uploads\/2018\/04\/gezi3.jpg\" alt=\"\" width=\"640\" height=\"360\" srcset=\"https:\/\/www.denizati.net\/tr\/wp-content\/uploads\/2018\/04\/gezi3.jpg 640w, https:\/\/www.denizati.net\/tr\/wp-content\/uploads\/2018\/04\/gezi3-300x169.jpg 300w\" sizes=\"auto, (max-width: 640px) 100vw, 640px\" \/> <img loading=\"lazy\" decoding=\"async\" class=\"aligncenter size-large wp-image-7984\" src=\"http:\/\/www.denizati.net\/tr\/wp-content\/uploads\/2018\/04\/gezi4.jpg\" alt=\"\" width=\"640\" height=\"480\" srcset=\"https:\/\/www.denizati.net\/tr\/wp-content\/uploads\/2018\/04\/gezi4.jpg 640w, https:\/\/www.denizati.net\/tr\/wp-content\/uploads\/2018\/04\/gezi4-300x225.jpg 300w, https:\/\/www.denizati.net\/tr\/wp-content\/uploads\/2018\/04\/gezi4-80x60.jpg 80w, https:\/\/www.denizati.net\/tr\/wp-content\/uploads\/2018\/04\/gezi4-265x198.jpg 265w, https:\/\/www.denizati.net\/tr\/wp-content\/uploads\/2018\/04\/gezi4-560x420.jpg 560w\" sizes=\"auto, (max-width: 640px) 100vw, 640px\" \/> <img loading=\"lazy\" decoding=\"async\" class=\"aligncenter size-large wp-image-7985\" src=\"http:\/\/www.denizati.net\/tr\/wp-content\/uploads\/2018\/04\/gezi5.jpg\" alt=\"\" width=\"640\" height=\"360\" srcset=\"https:\/\/www.denizati.net\/tr\/wp-content\/uploads\/2018\/04\/gezi5.jpg 640w, https:\/\/www.denizati.net\/tr\/wp-content\/uploads\/2018\/04\/gezi5-300x169.jpg 300w\" sizes=\"auto, (max-width: 640px) 100vw, 640px\" \/> <img loading=\"lazy\" decoding=\"async\" class=\"aligncenter size-large wp-image-7986\" src=\"http:\/\/www.denizati.net\/tr\/wp-content\/uploads\/2018\/04\/m1.jpg\" alt=\"\" width=\"640\" height=\"480\" srcset=\"https:\/\/www.denizati.net\/tr\/wp-content\/uploads\/2018\/04\/m1.jpg 640w, https:\/\/www.denizati.net\/tr\/wp-content\/uploads\/2018\/04\/m1-300x225.jpg 300w, https:\/\/www.denizati.net\/tr\/wp-content\/uploads\/2018\/04\/m1-80x60.jpg 80w, https:\/\/www.denizati.net\/tr\/wp-content\/uploads\/2018\/04\/m1-265x198.jpg 265w, https:\/\/www.denizati.net\/tr\/wp-content\/uploads\/2018\/04\/m1-560x420.jpg 560w\" sizes=\"auto, (max-width: 640px) 100vw, 640px\" \/><\/div>\n","protected":false},"excerpt":{"rendered":"<p>7P, 7R, 7S (64 ki\u015fi) s\u0131n\u0131flar\u0131m\u0131z 07- 15 Nisan tarihleri aras\u0131nda Humboldt Institut- Lindenberg Dil okulunda haftada 30 saat Alman \u00f6\u011fretmenlerle ders yapt\u0131lar. Her g\u00fcn 8:30 &#8216;da dersleri ba\u015flayan \u00f6\u011frencilerimiz 12-14 ki\u015filik s\u0131n\u0131flarda Dil seviye belirleme s\u0131nav sonucuna g\u00f6re olu\u015fturulan s\u0131n\u0131flarda derslerini yapt\u0131lar. Okulda \u00f6\u011frendikleri dili peki\u015ftirmek ve o \u00fclkenin k\u00fclt\u00fcrel ve tarihini \u00f6\u011frenmek ad\u0131na [&hellip;]<\/p>\n","protected":false},"author":1,"featured_media":7818,"comment_status":"open","ping_status":"open","sticky":false,"template":"","format":"standard","meta":{"ngg_post_thumbnail":0,"footnotes":""},"categories":[101],"tags":[],"class_list":["post-7991","post","type-post","status-publish","format-standard","has-post-thumbnail","hentry","category-6-7-siniflar-almanya-dil-okullari"],"_links":{"self":[{"href":"https:\/\/www.denizati.net\/tr\/wp-json\/wp\/v2\/posts\/7991","targetHints":{"allow":["GET"]}}],"collection":[{"href":"https:\/\/www.denizati.net\/tr\/wp-json\/wp\/v2\/posts"}],"about":[{"href":"https:\/\/www.denizati.net\/tr\/wp-json\/wp\/v2\/types\/post"}],"author":[{"embeddable":true,"href":"https:\/\/www.denizati.net\/tr\/wp-json\/wp\/v2\/users\/1"}],"replies":[{"embeddable":true,"href":"https:\/\/www.denizati.net\/tr\/wp-json\/wp\/v2\/comments?post=7991"}],"version-history":[{"count":0,"href":"https:\/\/www.denizati.net\/tr\/wp-json\/wp\/v2\/posts\/7991\/revisions"}],"wp:featuredmedia":[{"embeddable":true,"href":"https:\/\/www.denizati.net\/tr\/wp-json\/wp\/v2\/media\/7818"}],"wp:attachment":[{"href":"https:\/\/www.denizati.net\/tr\/wp-json\/wp\/v2\/media?parent=7991"}],"wp:term":[{"taxonomy":"category","embeddable":true,"href":"https:\/\/www.denizati.net\/tr\/wp-json\/wp\/v2\/categories?post=7991"},{"taxonomy":"post_tag","embeddable":true,"href":"https:\/\/www.denizati.net\/tr\/wp-json\/wp\/v2\/tags?post=7991"}],"curies":[{"name":"wp","href":"https:\/\/api.w.org\/{rel}","templated":true}]}}