{"id":7884,"date":"2018-04-12T15:47:51","date_gmt":"2018-04-12T12:47:51","guid":{"rendered":"http:\/\/www.denizati.net\/tr\/?p=7884"},"modified":"2018-09-19T15:53:12","modified_gmt":"2018-09-19T12:53:12","slug":"7-siniflar-almanya-dil-okulu","status":"publish","type":"post","link":"https:\/\/www.denizati.net\/tr\/7-siniflar-almanya-dil-okulu","title":{"rendered":"7P, 7R, 7S S\u0131n\u0131flar\u0131m\u0131z Humboldt Institut- Lindenberg Dil Okulunda"},"content":{"rendered":"<p>&nbsp;<\/p>\n<p>7P, 7R, 7S (64 ki\u015fi) s\u0131n\u0131flar\u0131 \u00f6\u011frencilerimiz 7-15 Nisan tarihleri aras\u0131nda Humboldt Institut- Lindenberg Dil okulunda\u00a0Alman \u00f6\u011fretmenlerle her g\u00fcn 6 saat Almanca dersi yapm\u0131\u015flard\u0131r. 12-14 ki\u015filik s\u0131n\u0131flarda yap\u0131lan dersler 08:30 &#8211; 14:45 saatleri aras\u0131nda yap\u0131lm\u0131\u015ft\u0131r. Derslerin i\u00e7erikleri \u00f6\u011frencilerin seviye s\u0131nav\u0131ndaki sonu\u00e7lar\u0131 do\u011frultusunda i\u015flenmektedir.<\/p>\n<div dir=\"auto\"><img loading=\"lazy\" decoding=\"async\" class=\"aligncenter size-full wp-image-7885\" src=\"http:\/\/www.denizati.net\/tr\/wp-content\/uploads\/2018\/04\/20180409_150340_005.jpg\" alt=\"\" width=\"640\" height=\"480\" srcset=\"https:\/\/www.denizati.net\/tr\/wp-content\/uploads\/2018\/04\/20180409_150340_005.jpg 640w, https:\/\/www.denizati.net\/tr\/wp-content\/uploads\/2018\/04\/20180409_150340_005-300x225.jpg 300w, https:\/\/www.denizati.net\/tr\/wp-content\/uploads\/2018\/04\/20180409_150340_005-80x60.jpg 80w, https:\/\/www.denizati.net\/tr\/wp-content\/uploads\/2018\/04\/20180409_150340_005-265x198.jpg 265w, https:\/\/www.denizati.net\/tr\/wp-content\/uploads\/2018\/04\/20180409_150340_005-560x420.jpg 560w\" sizes=\"auto, (max-width: 640px) 100vw, 640px\" \/> <img loading=\"lazy\" decoding=\"async\" class=\"aligncenter size-large wp-image-7886\" src=\"http:\/\/www.denizati.net\/tr\/wp-content\/uploads\/2018\/04\/20180409_150414.jpg\" alt=\"\" width=\"640\" height=\"480\" srcset=\"https:\/\/www.denizati.net\/tr\/wp-content\/uploads\/2018\/04\/20180409_150414.jpg 640w, https:\/\/www.denizati.net\/tr\/wp-content\/uploads\/2018\/04\/20180409_150414-300x225.jpg 300w, https:\/\/www.denizati.net\/tr\/wp-content\/uploads\/2018\/04\/20180409_150414-80x60.jpg 80w, https:\/\/www.denizati.net\/tr\/wp-content\/uploads\/2018\/04\/20180409_150414-265x198.jpg 265w, https:\/\/www.denizati.net\/tr\/wp-content\/uploads\/2018\/04\/20180409_150414-560x420.jpg 560w\" sizes=\"auto, (max-width: 640px) 100vw, 640px\" \/> <img loading=\"lazy\" decoding=\"async\" class=\"aligncenter size-large wp-image-7887\" src=\"http:\/\/www.denizati.net\/tr\/wp-content\/uploads\/2018\/04\/20180410_201051.jpg\" alt=\"\" width=\"640\" height=\"480\" srcset=\"https:\/\/www.denizati.net\/tr\/wp-content\/uploads\/2018\/04\/20180410_201051.jpg 640w, https:\/\/www.denizati.net\/tr\/wp-content\/uploads\/2018\/04\/20180410_201051-300x225.jpg 300w, https:\/\/www.denizati.net\/tr\/wp-content\/uploads\/2018\/04\/20180410_201051-80x60.jpg 80w, https:\/\/www.denizati.net\/tr\/wp-content\/uploads\/2018\/04\/20180410_201051-265x198.jpg 265w, https:\/\/www.denizati.net\/tr\/wp-content\/uploads\/2018\/04\/20180410_201051-560x420.jpg 560w\" sizes=\"auto, (max-width: 640px) 100vw, 640px\" \/> <img loading=\"lazy\" decoding=\"async\" class=\"aligncenter size-large wp-image-7888\" src=\"http:\/\/www.denizati.net\/tr\/wp-content\/uploads\/2018\/04\/IMG-20180409-WA0146.jpg\" alt=\"\" width=\"640\" height=\"360\" srcset=\"https:\/\/www.denizati.net\/tr\/wp-content\/uploads\/2018\/04\/IMG-20180409-WA0146.jpg 640w, https:\/\/www.denizati.net\/tr\/wp-content\/uploads\/2018\/04\/IMG-20180409-WA0146-300x169.jpg 300w\" sizes=\"auto, (max-width: 640px) 100vw, 640px\" \/><\/div>\n<div dir=\"auto\">Almanya Dil okulunda \u00f6\u011frencilerimiz Almanca derslerinin yan\u0131 s\u0131ra o \u00fclkenin k\u00fclt\u00fcr\u00fcn\u00fc de \u00f6\u011frenmek ad\u0131na\u00a0 \u015f\u00f6valyelere ait Meersbug \u015fehrinde bulunan ve orta\u00e7a\u011fdan kalma kaleyi ziyaret ettiler.<\/div>\n<div dir=\"auto\"><img loading=\"lazy\" decoding=\"async\" class=\"aligncenter size-full wp-image-7890\" src=\"http:\/\/www.denizati.net\/tr\/wp-content\/uploads\/2018\/04\/20180411_164415.jpg\" alt=\"\" width=\"640\" height=\"480\" srcset=\"https:\/\/www.denizati.net\/tr\/wp-content\/uploads\/2018\/04\/20180411_164415.jpg 640w, https:\/\/www.denizati.net\/tr\/wp-content\/uploads\/2018\/04\/20180411_164415-300x225.jpg 300w, https:\/\/www.denizati.net\/tr\/wp-content\/uploads\/2018\/04\/20180411_164415-80x60.jpg 80w, https:\/\/www.denizati.net\/tr\/wp-content\/uploads\/2018\/04\/20180411_164415-265x198.jpg 265w, https:\/\/www.denizati.net\/tr\/wp-content\/uploads\/2018\/04\/20180411_164415-560x420.jpg 560w\" sizes=\"auto, (max-width: 640px) 100vw, 640px\" \/> <img loading=\"lazy\" decoding=\"async\" class=\"aligncenter size-large wp-image-7891\" src=\"http:\/\/www.denizati.net\/tr\/wp-content\/uploads\/2018\/04\/20180411_164510.jpg\" alt=\"\" width=\"640\" height=\"480\" srcset=\"https:\/\/www.denizati.net\/tr\/wp-content\/uploads\/2018\/04\/20180411_164510.jpg 640w, https:\/\/www.denizati.net\/tr\/wp-content\/uploads\/2018\/04\/20180411_164510-300x225.jpg 300w, https:\/\/www.denizati.net\/tr\/wp-content\/uploads\/2018\/04\/20180411_164510-80x60.jpg 80w, https:\/\/www.denizati.net\/tr\/wp-content\/uploads\/2018\/04\/20180411_164510-265x198.jpg 265w, https:\/\/www.denizati.net\/tr\/wp-content\/uploads\/2018\/04\/20180411_164510-560x420.jpg 560w\" sizes=\"auto, (max-width: 640px) 100vw, 640px\" \/><\/div>\n","protected":false},"excerpt":{"rendered":"<p>&nbsp; 7P, 7R, 7S (64 ki\u015fi) s\u0131n\u0131flar\u0131 \u00f6\u011frencilerimiz 7-15 Nisan tarihleri aras\u0131nda Humboldt Institut- Lindenberg Dil okulunda\u00a0Alman \u00f6\u011fretmenlerle her g\u00fcn 6 saat Almanca dersi yapm\u0131\u015flard\u0131r. 12-14 ki\u015filik s\u0131n\u0131flarda yap\u0131lan dersler 08:30 &#8211; 14:45 saatleri aras\u0131nda yap\u0131lm\u0131\u015ft\u0131r. Derslerin i\u00e7erikleri \u00f6\u011frencilerin seviye s\u0131nav\u0131ndaki sonu\u00e7lar\u0131 do\u011frultusunda i\u015flenmektedir. Almanya Dil okulunda \u00f6\u011frencilerimiz Almanca derslerinin yan\u0131 s\u0131ra o \u00fclkenin k\u00fclt\u00fcr\u00fcn\u00fc [&hellip;]<\/p>\n","protected":false},"author":1,"featured_media":7818,"comment_status":"open","ping_status":"open","sticky":false,"template":"","format":"standard","meta":{"ngg_post_thumbnail":0,"footnotes":""},"categories":[101],"tags":[],"class_list":["post-7884","post","type-post","status-publish","format-standard","has-post-thumbnail","hentry","category-6-7-siniflar-almanya-dil-okullari"],"_links":{"self":[{"href":"https:\/\/www.denizati.net\/tr\/wp-json\/wp\/v2\/posts\/7884","targetHints":{"allow":["GET"]}}],"collection":[{"href":"https:\/\/www.denizati.net\/tr\/wp-json\/wp\/v2\/posts"}],"about":[{"href":"https:\/\/www.denizati.net\/tr\/wp-json\/wp\/v2\/types\/post"}],"author":[{"embeddable":true,"href":"https:\/\/www.denizati.net\/tr\/wp-json\/wp\/v2\/users\/1"}],"replies":[{"embeddable":true,"href":"https:\/\/www.denizati.net\/tr\/wp-json\/wp\/v2\/comments?post=7884"}],"version-history":[{"count":0,"href":"https:\/\/www.denizati.net\/tr\/wp-json\/wp\/v2\/posts\/7884\/revisions"}],"wp:featuredmedia":[{"embeddable":true,"href":"https:\/\/www.denizati.net\/tr\/wp-json\/wp\/v2\/media\/7818"}],"wp:attachment":[{"href":"https:\/\/www.denizati.net\/tr\/wp-json\/wp\/v2\/media?parent=7884"}],"wp:term":[{"taxonomy":"category","embeddable":true,"href":"https:\/\/www.denizati.net\/tr\/wp-json\/wp\/v2\/categories?post=7884"},{"taxonomy":"post_tag","embeddable":true,"href":"https:\/\/www.denizati.net\/tr\/wp-json\/wp\/v2\/tags?post=7884"}],"curies":[{"name":"wp","href":"https:\/\/api.w.org\/{rel}","templated":true}]}}