{"id":24206,"date":"2025-06-18T14:47:13","date_gmt":"2025-06-18T11:47:13","guid":{"rendered":"https:\/\/www.denizati.net\/tr\/?p=24206"},"modified":"2025-06-18T14:47:13","modified_gmt":"2025-06-18T11:47:13","slug":"almanya-dil-okullari-geziler","status":"publish","type":"post","link":"https:\/\/www.denizati.net\/tr\/almanya-dil-okullari-geziler","title":{"rendered":"Almanya Dil Okullar\u0131 -Geziler"},"content":{"rendered":"<p>Zeppelin M\u00fczesi \u2013 Friedrichshafen<\/p>\n<p>\u0130lk dura\u011f\u0131m\u0131z, \u00fcnl\u00fc Zeppelin hava gemilerinin do\u011fdu\u011fu yer olan Friedrichshafen\u2019deki Zeppelin M\u00fczesi oldu. Burada tarihi hava gemilerini yak\u0131ndan g\u00f6rd\u00fck, onlar\u0131n nas\u0131l yap\u0131ld\u0131\u011f\u0131n\u0131 ve havac\u0131l\u0131k tarihine nas\u0131l y\u00f6n verdiklerini \u00f6\u011frendik. \u00d6zellikle dev Zeppelin modelleri ve i\u00e7 kabinlerin birebir canland\u0131rmalar\u0131 \u00e7ok etkileyiciydi.<\/p>\n<p><img loading=\"lazy\" decoding=\"async\" class=\"aligncenter size-large wp-image-24207\" src=\"https:\/\/www.denizati.net\/tr\/wp-content\/uploads\/2025\/06\/b99831a7-7cd7-465f-b1b2-581ded0c44ce-1024x768.jpg\" alt=\"\" width=\"640\" height=\"480\" srcset=\"https:\/\/www.denizati.net\/tr\/wp-content\/uploads\/2025\/06\/b99831a7-7cd7-465f-b1b2-581ded0c44ce-1024x768.jpg 1024w, https:\/\/www.denizati.net\/tr\/wp-content\/uploads\/2025\/06\/b99831a7-7cd7-465f-b1b2-581ded0c44ce-300x225.jpg 300w, https:\/\/www.denizati.net\/tr\/wp-content\/uploads\/2025\/06\/b99831a7-7cd7-465f-b1b2-581ded0c44ce-768x576.jpg 768w, https:\/\/www.denizati.net\/tr\/wp-content\/uploads\/2025\/06\/b99831a7-7cd7-465f-b1b2-581ded0c44ce-1536x1152.jpg 1536w, https:\/\/www.denizati.net\/tr\/wp-content\/uploads\/2025\/06\/b99831a7-7cd7-465f-b1b2-581ded0c44ce-2048x1536.jpg 2048w, https:\/\/www.denizati.net\/tr\/wp-content\/uploads\/2025\/06\/b99831a7-7cd7-465f-b1b2-581ded0c44ce-80x60.jpg 80w, https:\/\/www.denizati.net\/tr\/wp-content\/uploads\/2025\/06\/b99831a7-7cd7-465f-b1b2-581ded0c44ce-265x198.jpg 265w, https:\/\/www.denizati.net\/tr\/wp-content\/uploads\/2025\/06\/b99831a7-7cd7-465f-b1b2-581ded0c44ce-696x522.jpg 696w, https:\/\/www.denizati.net\/tr\/wp-content\/uploads\/2025\/06\/b99831a7-7cd7-465f-b1b2-581ded0c44ce-1068x801.jpg 1068w, https:\/\/www.denizati.net\/tr\/wp-content\/uploads\/2025\/06\/b99831a7-7cd7-465f-b1b2-581ded0c44ce-560x420.jpg 560w\" sizes=\"auto, (max-width: 640px) 100vw, 640px\" \/><\/p>\n<p>Stuttgart \u2013 Mercedes Benz M\u00fczesi<\/p>\n<p>Sonraki dura\u011f\u0131m\u0131z Stuttgart \u015fehri oldu. Stuttgart, Almanya\u2019n\u0131n otomotiv ba\u015fkentlerinden biri ve burada Mercedes-Benz M\u00fczesini ziyaret ettik. M\u00fczede, ilk otomobillerden g\u00fcn\u00fcm\u00fcz\u00fcn modern ara\u00e7lar\u0131na kadar geni\u015f bir koleksiyon vard\u0131. Ayn\u0131 zamanda Stuttgart \u015fehir merkezinde \u00f6\u011frencilerimiz serbest zaman ge\u00e7irip yerel ya\u015fam\u0131 deneyimlediler.<\/p>\n<p><img loading=\"lazy\" decoding=\"async\" class=\"aligncenter size-large wp-image-24208\" src=\"https:\/\/www.denizati.net\/tr\/wp-content\/uploads\/2025\/06\/33bf52ec-fd4a-4d9e-a5d6-39837e5989ff-1024x768.jpg\" alt=\"\" width=\"640\" height=\"480\" srcset=\"https:\/\/www.denizati.net\/tr\/wp-content\/uploads\/2025\/06\/33bf52ec-fd4a-4d9e-a5d6-39837e5989ff-1024x768.jpg 1024w, https:\/\/www.denizati.net\/tr\/wp-content\/uploads\/2025\/06\/33bf52ec-fd4a-4d9e-a5d6-39837e5989ff-300x225.jpg 300w, https:\/\/www.denizati.net\/tr\/wp-content\/uploads\/2025\/06\/33bf52ec-fd4a-4d9e-a5d6-39837e5989ff-768x576.jpg 768w, https:\/\/www.denizati.net\/tr\/wp-content\/uploads\/2025\/06\/33bf52ec-fd4a-4d9e-a5d6-39837e5989ff-1536x1152.jpg 1536w, https:\/\/www.denizati.net\/tr\/wp-content\/uploads\/2025\/06\/33bf52ec-fd4a-4d9e-a5d6-39837e5989ff-80x60.jpg 80w, https:\/\/www.denizati.net\/tr\/wp-content\/uploads\/2025\/06\/33bf52ec-fd4a-4d9e-a5d6-39837e5989ff-265x198.jpg 265w, https:\/\/www.denizati.net\/tr\/wp-content\/uploads\/2025\/06\/33bf52ec-fd4a-4d9e-a5d6-39837e5989ff-696x522.jpg 696w, https:\/\/www.denizati.net\/tr\/wp-content\/uploads\/2025\/06\/33bf52ec-fd4a-4d9e-a5d6-39837e5989ff-1068x801.jpg 1068w, https:\/\/www.denizati.net\/tr\/wp-content\/uploads\/2025\/06\/33bf52ec-fd4a-4d9e-a5d6-39837e5989ff-560x420.jpg 560w, https:\/\/www.denizati.net\/tr\/wp-content\/uploads\/2025\/06\/33bf52ec-fd4a-4d9e-a5d6-39837e5989ff.jpg 2048w\" sizes=\"auto, (max-width: 640px) 100vw, 640px\" \/> <img loading=\"lazy\" decoding=\"async\" class=\"aligncenter size-large wp-image-24209\" src=\"https:\/\/www.denizati.net\/tr\/wp-content\/uploads\/2025\/06\/88c602ab-9cec-4bed-9441-ebdd8061da71-1024x768.jpg\" alt=\"\" width=\"640\" height=\"480\" srcset=\"https:\/\/www.denizati.net\/tr\/wp-content\/uploads\/2025\/06\/88c602ab-9cec-4bed-9441-ebdd8061da71-1024x768.jpg 1024w, https:\/\/www.denizati.net\/tr\/wp-content\/uploads\/2025\/06\/88c602ab-9cec-4bed-9441-ebdd8061da71-300x225.jpg 300w, https:\/\/www.denizati.net\/tr\/wp-content\/uploads\/2025\/06\/88c602ab-9cec-4bed-9441-ebdd8061da71-768x576.jpg 768w, https:\/\/www.denizati.net\/tr\/wp-content\/uploads\/2025\/06\/88c602ab-9cec-4bed-9441-ebdd8061da71-1536x1152.jpg 1536w, https:\/\/www.denizati.net\/tr\/wp-content\/uploads\/2025\/06\/88c602ab-9cec-4bed-9441-ebdd8061da71-2048x1536.jpg 2048w, https:\/\/www.denizati.net\/tr\/wp-content\/uploads\/2025\/06\/88c602ab-9cec-4bed-9441-ebdd8061da71-80x60.jpg 80w, https:\/\/www.denizati.net\/tr\/wp-content\/uploads\/2025\/06\/88c602ab-9cec-4bed-9441-ebdd8061da71-265x198.jpg 265w, https:\/\/www.denizati.net\/tr\/wp-content\/uploads\/2025\/06\/88c602ab-9cec-4bed-9441-ebdd8061da71-696x522.jpg 696w, https:\/\/www.denizati.net\/tr\/wp-content\/uploads\/2025\/06\/88c602ab-9cec-4bed-9441-ebdd8061da71-1068x801.jpg 1068w, https:\/\/www.denizati.net\/tr\/wp-content\/uploads\/2025\/06\/88c602ab-9cec-4bed-9441-ebdd8061da71-560x420.jpg 560w\" sizes=\"auto, (max-width: 640px) 100vw, 640px\" \/><\/p>\n<p>Ulm \u015eehri<\/p>\n<p>Son dura\u011f\u0131m\u0131z Ulm \u015fehriydi. Ulm, \u00fcnl\u00fc fizik\u00e7i Albert Einstein\u2019\u0131n do\u011fum yeri olarak biliniyor. \u015eehirdeki en etkileyici yap\u0131 ise d\u00fcnyan\u0131n en y\u00fcksek kilisesi olan Ulm Minster (Ulmer M\u00fcnster) idi. Kulesine \u00e7\u0131kan \u00f6\u011frencilerimiz muhte\u015fem bir \u015fehir manzaras\u0131yla \u00f6d\u00fcllendirildi. Ulm\u2019un tarihi sokaklar\u0131nda y\u00fcr\u00fcy\u00fc\u015f yaparken \u00f6\u011frencilerimiz Almanca pratik yapma \u015fans\u0131 da buldu.<\/p>\n<p><img loading=\"lazy\" decoding=\"async\" class=\"aligncenter size-large wp-image-24210\" src=\"https:\/\/www.denizati.net\/tr\/wp-content\/uploads\/2025\/06\/bd859381-e620-4c22-8366-c23ff56ce368-768x1024.jpg\" alt=\"\" width=\"640\" height=\"853\" srcset=\"https:\/\/www.denizati.net\/tr\/wp-content\/uploads\/2025\/06\/bd859381-e620-4c22-8366-c23ff56ce368-768x1024.jpg 768w, https:\/\/www.denizati.net\/tr\/wp-content\/uploads\/2025\/06\/bd859381-e620-4c22-8366-c23ff56ce368-225x300.jpg 225w, https:\/\/www.denizati.net\/tr\/wp-content\/uploads\/2025\/06\/bd859381-e620-4c22-8366-c23ff56ce368-1152x1536.jpg 1152w, https:\/\/www.denizati.net\/tr\/wp-content\/uploads\/2025\/06\/bd859381-e620-4c22-8366-c23ff56ce368-1536x2048.jpg 1536w, https:\/\/www.denizati.net\/tr\/wp-content\/uploads\/2025\/06\/bd859381-e620-4c22-8366-c23ff56ce368-696x928.jpg 696w, https:\/\/www.denizati.net\/tr\/wp-content\/uploads\/2025\/06\/bd859381-e620-4c22-8366-c23ff56ce368-1068x1424.jpg 1068w, https:\/\/www.denizati.net\/tr\/wp-content\/uploads\/2025\/06\/bd859381-e620-4c22-8366-c23ff56ce368-315x420.jpg 315w, https:\/\/www.denizati.net\/tr\/wp-content\/uploads\/2025\/06\/bd859381-e620-4c22-8366-c23ff56ce368-scaled.jpg 1920w\" sizes=\"auto, (max-width: 640px) 100vw, 640px\" \/><\/p>\n<p>Almanca Dil Sertifikas\u0131<\/p>\n<p>\u0130ki haftal\u0131k Dil E\u011fitiminin sonunda&nbsp; \u00f6\u011frencilerimize&nbsp; girdikleri s\u0131nava g\u00f6re kat\u0131l\u0131m ve ba\u015far\u0131 durumlar\u0131n\u0131 g\u00f6steren Almanca dil sertifikas\u0131 verildi. Bu sertifika, \u00f6\u011frencilerin uluslararas\u0131 bir ortamda dil \u00f6\u011frenme deneyimlerini belgeleyen \u00f6nemli bir kazan\u0131m oldu. \u00d6\u011frencilerimiz Almanca bilgilerini&nbsp; geli\u015ftirerek, yeni yerler ke\u015ffetti ve arkada\u015flar\u0131yla harika an\u0131lar biriktirdi.<\/p>\n<p><img loading=\"lazy\" decoding=\"async\" class=\"aligncenter size-large wp-image-24211\" src=\"https:\/\/www.denizati.net\/tr\/wp-content\/uploads\/2025\/06\/2a7a5c12-9ea8-4991-9fa8-9b56d5c673f1-1024x768.jpg\" alt=\"\" width=\"640\" height=\"480\" srcset=\"https:\/\/www.denizati.net\/tr\/wp-content\/uploads\/2025\/06\/2a7a5c12-9ea8-4991-9fa8-9b56d5c673f1-1024x768.jpg 1024w, https:\/\/www.denizati.net\/tr\/wp-content\/uploads\/2025\/06\/2a7a5c12-9ea8-4991-9fa8-9b56d5c673f1-300x225.jpg 300w, https:\/\/www.denizati.net\/tr\/wp-content\/uploads\/2025\/06\/2a7a5c12-9ea8-4991-9fa8-9b56d5c673f1-768x576.jpg 768w, https:\/\/www.denizati.net\/tr\/wp-content\/uploads\/2025\/06\/2a7a5c12-9ea8-4991-9fa8-9b56d5c673f1-1536x1152.jpg 1536w, https:\/\/www.denizati.net\/tr\/wp-content\/uploads\/2025\/06\/2a7a5c12-9ea8-4991-9fa8-9b56d5c673f1-80x60.jpg 80w, https:\/\/www.denizati.net\/tr\/wp-content\/uploads\/2025\/06\/2a7a5c12-9ea8-4991-9fa8-9b56d5c673f1-265x198.jpg 265w, https:\/\/www.denizati.net\/tr\/wp-content\/uploads\/2025\/06\/2a7a5c12-9ea8-4991-9fa8-9b56d5c673f1-696x522.jpg 696w, https:\/\/www.denizati.net\/tr\/wp-content\/uploads\/2025\/06\/2a7a5c12-9ea8-4991-9fa8-9b56d5c673f1-1068x801.jpg 1068w, https:\/\/www.denizati.net\/tr\/wp-content\/uploads\/2025\/06\/2a7a5c12-9ea8-4991-9fa8-9b56d5c673f1-560x420.jpg 560w, https:\/\/www.denizati.net\/tr\/wp-content\/uploads\/2025\/06\/2a7a5c12-9ea8-4991-9fa8-9b56d5c673f1.jpg 2048w\" sizes=\"auto, (max-width: 640px) 100vw, 640px\" \/> <img loading=\"lazy\" decoding=\"async\" class=\"aligncenter size-large wp-image-24212\" src=\"https:\/\/www.denizati.net\/tr\/wp-content\/uploads\/2025\/06\/IMG_6286-768x1024.jpg\" alt=\"\" width=\"640\" height=\"853\" srcset=\"https:\/\/www.denizati.net\/tr\/wp-content\/uploads\/2025\/06\/IMG_6286-768x1024.jpg 768w, https:\/\/www.denizati.net\/tr\/wp-content\/uploads\/2025\/06\/IMG_6286-225x300.jpg 225w, https:\/\/www.denizati.net\/tr\/wp-content\/uploads\/2025\/06\/IMG_6286-1152x1536.jpg 1152w, https:\/\/www.denizati.net\/tr\/wp-content\/uploads\/2025\/06\/IMG_6286-1536x2048.jpg 1536w, https:\/\/www.denizati.net\/tr\/wp-content\/uploads\/2025\/06\/IMG_6286-696x928.jpg 696w, https:\/\/www.denizati.net\/tr\/wp-content\/uploads\/2025\/06\/IMG_6286-1068x1424.jpg 1068w, https:\/\/www.denizati.net\/tr\/wp-content\/uploads\/2025\/06\/IMG_6286-315x420.jpg 315w, https:\/\/www.denizati.net\/tr\/wp-content\/uploads\/2025\/06\/IMG_6286-scaled.jpg 1920w\" sizes=\"auto, (max-width: 640px) 100vw, 640px\" \/><\/p>\n<p>&nbsp;<\/p>\n<p>&nbsp;<\/p>\n","protected":false},"excerpt":{"rendered":"<p>Zeppelin M\u00fczesi \u2013 Friedrichshafen \u0130lk dura\u011f\u0131m\u0131z, \u00fcnl\u00fc Zeppelin hava gemilerinin do\u011fdu\u011fu yer olan Friedrichshafen\u2019deki Zeppelin M\u00fczesi oldu. Burada tarihi hava gemilerini yak\u0131ndan g\u00f6rd\u00fck, onlar\u0131n nas\u0131l yap\u0131ld\u0131\u011f\u0131n\u0131 ve havac\u0131l\u0131k tarihine nas\u0131l y\u00f6n verdiklerini \u00f6\u011frendik. \u00d6zellikle dev Zeppelin modelleri ve i\u00e7 kabinlerin birebir canland\u0131rmalar\u0131 \u00e7ok etkileyiciydi. Stuttgart \u2013 Mercedes Benz M\u00fczesi Sonraki dura\u011f\u0131m\u0131z Stuttgart \u015fehri oldu. Stuttgart, [&hellip;]<\/p>\n","protected":false},"author":1,"featured_media":24211,"comment_status":"open","ping_status":"open","sticky":false,"template":"","format":"standard","meta":{"ngg_post_thumbnail":0,"footnotes":""},"categories":[101],"tags":[],"class_list":["post-24206","post","type-post","status-publish","format-standard","has-post-thumbnail","hentry","category-6-7-siniflar-almanya-dil-okullari"],"_links":{"self":[{"href":"https:\/\/www.denizati.net\/tr\/wp-json\/wp\/v2\/posts\/24206","targetHints":{"allow":["GET"]}}],"collection":[{"href":"https:\/\/www.denizati.net\/tr\/wp-json\/wp\/v2\/posts"}],"about":[{"href":"https:\/\/www.denizati.net\/tr\/wp-json\/wp\/v2\/types\/post"}],"author":[{"embeddable":true,"href":"https:\/\/www.denizati.net\/tr\/wp-json\/wp\/v2\/users\/1"}],"replies":[{"embeddable":true,"href":"https:\/\/www.denizati.net\/tr\/wp-json\/wp\/v2\/comments?post=24206"}],"version-history":[{"count":1,"href":"https:\/\/www.denizati.net\/tr\/wp-json\/wp\/v2\/posts\/24206\/revisions"}],"predecessor-version":[{"id":24213,"href":"https:\/\/www.denizati.net\/tr\/wp-json\/wp\/v2\/posts\/24206\/revisions\/24213"}],"wp:featuredmedia":[{"embeddable":true,"href":"https:\/\/www.denizati.net\/tr\/wp-json\/wp\/v2\/media\/24211"}],"wp:attachment":[{"href":"https:\/\/www.denizati.net\/tr\/wp-json\/wp\/v2\/media?parent=24206"}],"wp:term":[{"taxonomy":"category","embeddable":true,"href":"https:\/\/www.denizati.net\/tr\/wp-json\/wp\/v2\/categories?post=24206"},{"taxonomy":"post_tag","embeddable":true,"href":"https:\/\/www.denizati.net\/tr\/wp-json\/wp\/v2\/tags?post=24206"}],"curies":[{"name":"wp","href":"https:\/\/api.w.org\/{rel}","templated":true}]}}