{"id":21864,"date":"2024-04-16T13:26:10","date_gmt":"2024-04-16T10:26:10","guid":{"rendered":"https:\/\/www.denizati.net\/tr\/?p=21864"},"modified":"2024-04-16T13:26:10","modified_gmt":"2024-04-16T10:26:10","slug":"21864-2","status":"publish","type":"post","link":"https:\/\/www.denizati.net\/tr\/21864-2","title":{"rendered":""},"content":{"rendered":"\n<p>\u201cUzak D\u00fcnyalar\u201d Yazar\u0131 Do\u011fu Y\u00fccel ile S\u00f6yle\u015fi<\/p>\n\n\n\n<p>05 Nisan Cuma g\u00fcn\u00fc \u201cUzak D\u00fcnyalar\u201d kitab\u0131n\u0131n yazar\u0131 Do\u011fu Y\u00dcCEL okulumuzu ziyaret ederek 7.s\u0131n\u0131f \u00f6\u011frencilerimizle keyifli bir s\u00f6yle\u015fi ger\u00e7ekle\u015ftirdi. \u00c7evre bilincini, arkada\u015fl\u0131k ili\u015fkilerini konu edindi\u011fi kitab\u0131 ve kitab\u0131n\u0131n olu\u015fum s\u00fcrecini anlatt\u0131\u011f\u0131 s\u00f6yle\u015fide yazar\u0131m\u0131z, \u00f6\u011frencilerimizin sorular\u0131n\u0131 da yan\u0131tlad\u0131. Yazar\u0131m\u0131za bu keyifli dakikalar i\u00e7in \u00e7ok te\u015fekk\u00fcr ederiz.<\/p>\n\n\n\n<figure class=\"wp-block-gallery has-nested-images columns-default is-cropped wp-block-gallery-1 is-layout-flex wp-block-gallery-is-layout-flex\">\n<figure class=\"wp-block-image size-large\"><img loading=\"lazy\" decoding=\"async\" width=\"1024\" height=\"768\" data-id=\"21866\" src=\"https:\/\/www.denizati.net\/tr\/wp-content\/uploads\/2024\/04\/7.Sinif-Turkce-Etkinligi-Yazar-Soylesisi-4-1024x768.jpg\" alt=\"\" class=\"wp-image-21866\" srcset=\"https:\/\/www.denizati.net\/tr\/wp-content\/uploads\/2024\/04\/7.Sinif-Turkce-Etkinligi-Yazar-Soylesisi-4-1024x768.jpg 1024w, https:\/\/www.denizati.net\/tr\/wp-content\/uploads\/2024\/04\/7.Sinif-Turkce-Etkinligi-Yazar-Soylesisi-4-300x225.jpg 300w, https:\/\/www.denizati.net\/tr\/wp-content\/uploads\/2024\/04\/7.Sinif-Turkce-Etkinligi-Yazar-Soylesisi-4-768x576.jpg 768w, https:\/\/www.denizati.net\/tr\/wp-content\/uploads\/2024\/04\/7.Sinif-Turkce-Etkinligi-Yazar-Soylesisi-4-1536x1152.jpg 1536w, https:\/\/www.denizati.net\/tr\/wp-content\/uploads\/2024\/04\/7.Sinif-Turkce-Etkinligi-Yazar-Soylesisi-4-2048x1536.jpg 2048w, https:\/\/www.denizati.net\/tr\/wp-content\/uploads\/2024\/04\/7.Sinif-Turkce-Etkinligi-Yazar-Soylesisi-4-80x60.jpg 80w, https:\/\/www.denizati.net\/tr\/wp-content\/uploads\/2024\/04\/7.Sinif-Turkce-Etkinligi-Yazar-Soylesisi-4-265x198.jpg 265w, https:\/\/www.denizati.net\/tr\/wp-content\/uploads\/2024\/04\/7.Sinif-Turkce-Etkinligi-Yazar-Soylesisi-4-696x522.jpg 696w, https:\/\/www.denizati.net\/tr\/wp-content\/uploads\/2024\/04\/7.Sinif-Turkce-Etkinligi-Yazar-Soylesisi-4-1068x801.jpg 1068w, https:\/\/www.denizati.net\/tr\/wp-content\/uploads\/2024\/04\/7.Sinif-Turkce-Etkinligi-Yazar-Soylesisi-4-560x420.jpg 560w\" sizes=\"auto, (max-width: 1024px) 100vw, 1024px\" \/><\/figure>\n<\/figure>\n","protected":false},"excerpt":{"rendered":"<p>\u201cUzak D\u00fcnyalar\u201d Yazar\u0131 Do\u011fu Y\u00fccel ile S\u00f6yle\u015fi 05 Nisan Cuma g\u00fcn\u00fc \u201cUzak D\u00fcnyalar\u201d kitab\u0131n\u0131n yazar\u0131 Do\u011fu Y\u00dcCEL okulumuzu ziyaret ederek 7.s\u0131n\u0131f \u00f6\u011frencilerimizle keyifli bir s\u00f6yle\u015fi ger\u00e7ekle\u015ftirdi. \u00c7evre bilincini, arkada\u015fl\u0131k ili\u015fkilerini konu edindi\u011fi kitab\u0131 ve kitab\u0131n\u0131n olu\u015fum s\u00fcrecini anlatt\u0131\u011f\u0131 s\u00f6yle\u015fide yazar\u0131m\u0131z, \u00f6\u011frencilerimizin sorular\u0131n\u0131 da yan\u0131tlad\u0131. Yazar\u0131m\u0131za bu keyifli dakikalar i\u00e7in \u00e7ok te\u015fekk\u00fcr ederiz.<\/p>\n","protected":false},"author":1,"featured_media":17047,"comment_status":"open","ping_status":"open","sticky":false,"template":"","format":"standard","meta":{"ngg_post_thumbnail":0,"footnotes":""},"categories":[1],"tags":[],"class_list":["post-21864","post","type-post","status-publish","format-standard","has-post-thumbnail","hentry","category-genel"],"_links":{"self":[{"href":"https:\/\/www.denizati.net\/tr\/wp-json\/wp\/v2\/posts\/21864","targetHints":{"allow":["GET"]}}],"collection":[{"href":"https:\/\/www.denizati.net\/tr\/wp-json\/wp\/v2\/posts"}],"about":[{"href":"https:\/\/www.denizati.net\/tr\/wp-json\/wp\/v2\/types\/post"}],"author":[{"embeddable":true,"href":"https:\/\/www.denizati.net\/tr\/wp-json\/wp\/v2\/users\/1"}],"replies":[{"embeddable":true,"href":"https:\/\/www.denizati.net\/tr\/wp-json\/wp\/v2\/comments?post=21864"}],"version-history":[{"count":0,"href":"https:\/\/www.denizati.net\/tr\/wp-json\/wp\/v2\/posts\/21864\/revisions"}],"wp:featuredmedia":[{"embeddable":true,"href":"https:\/\/www.denizati.net\/tr\/wp-json\/wp\/v2\/media\/17047"}],"wp:attachment":[{"href":"https:\/\/www.denizati.net\/tr\/wp-json\/wp\/v2\/media?parent=21864"}],"wp:term":[{"taxonomy":"category","embeddable":true,"href":"https:\/\/www.denizati.net\/tr\/wp-json\/wp\/v2\/categories?post=21864"},{"taxonomy":"post_tag","embeddable":true,"href":"https:\/\/www.denizati.net\/tr\/wp-json\/wp\/v2\/tags?post=21864"}],"curies":[{"name":"wp","href":"https:\/\/api.w.org\/{rel}","templated":true}]}}