{"id":21464,"date":"2024-02-16T15:45:25","date_gmt":"2024-02-16T12:45:25","guid":{"rendered":"https:\/\/www.denizati.net\/tr\/?p=21464"},"modified":"2024-02-16T15:45:26","modified_gmt":"2024-02-16T12:45:26","slug":"semep-projesinde-ogrencilerimiz-afis-sunumlarimizi-yapiyor","status":"publish","type":"post","link":"https:\/\/www.denizati.net\/tr\/semep-projesinde-ogrencilerimiz-afis-sunumlarimizi-yapiyor","title":{"rendered":"SEMEP PROJES\u0130\u2019NDE \u00d6\u011eRENC\u0130LER\u0130M\u0130Z AF\u0130\u015e SUNUMLARIMIZI YAPIYOR"},"content":{"rendered":"\n<p>2023-2024 e\u011fitim \u00f6\u011fretim y\u0131l\u0131nda SEMEP Proje yar\u0131\u015fmas\u0131n\u0131n birinci b\u00f6l\u00fcm\u00fc olan \u201cAfi\u015f Sergisi\u201d \u00e7al\u0131\u015fmas\u0131,&nbsp; 10 \u015eubat Cumartesi g\u00fcn\u00fc MEV Koleji \u00d6zel B\u00fcy\u00fck\u00e7ekmece Okullar\u0131nda yap\u0131ld\u0131.<\/p>\n\n\n\n<p>\u00d6zel Denizat\u0131\u00a0 Ortaokulu \u00a0\u00f6\u011frencilerimiz Almanca ve T\u00fcrk\u00e7e\u00a0 olarak haz\u0131rlad\u0131klar\u0131\u00a0 afi\u015flerle sergiye kat\u0131ld\u0131lar. Almanca afi\u015fimizde ak\u0131ll\u0131 kentlerin \u00f6nemine ve ya\u015fam\u0131m\u0131z\u0131 nas\u0131l etkileyece\u011fine dikkat \u00e7ektik. T\u00fcrk\u00e7e afi\u015fimizde ise do\u011fal ve organik tar\u0131m s\u00fcre\u00e7lerinde iyile\u015ftirmeye y\u00f6nelik \u00e7\u0131kar\u0131mlarda bulunduk. Yar\u0131\u015fma format\u0131na uygun olarak \u00e7er\u00e7evelen afi\u015fler, \u00f6\u011frencilerimiz taraf\u0131ndan sahnede T\u00fcrk\u00e7e ve Almanca olarak ba\u015far\u0131l\u0131 bir \u015fekilde sunuldu. Sergi sonunda \u00f6\u011frencilerimize ve \u00f6\u011fretmenlerimize kat\u0131l\u0131m sertifikalar\u0131 verildi. Yar\u0131\u015fman\u0131n ikinci b\u00f6l\u00fcm\u00fc 4 May\u0131s Cumartesi g\u00fcn\u00fc ger\u00e7ekle\u015fecek olup t\u00fcm \u00e7al\u0131\u015fmalar\u0131n de\u011ferlendirilmesi burada yap\u0131lacakt\u0131r. \u00d6\u011frencilerimizi tebrik ediyor, proje sunum g\u00fcn\u00fcnde proje ekibimize de ba\u015far\u0131lar diliyoruz.<\/p>\n\n\n\n<figure class=\"wp-block-gallery has-nested-images columns-default is-cropped wp-block-gallery-1 is-layout-flex wp-block-gallery-is-layout-flex\">\n<figure class=\"wp-block-image size-large\"><img loading=\"lazy\" decoding=\"async\" width=\"1024\" height=\"768\" data-id=\"21466\" src=\"https:\/\/www.denizati.net\/tr\/wp-content\/uploads\/2024\/02\/IMG_6164-1024x768.jpg\" alt=\"\" class=\"wp-image-21466\" srcset=\"https:\/\/www.denizati.net\/tr\/wp-content\/uploads\/2024\/02\/IMG_6164-1024x768.jpg 1024w, https:\/\/www.denizati.net\/tr\/wp-content\/uploads\/2024\/02\/IMG_6164-300x225.jpg 300w, https:\/\/www.denizati.net\/tr\/wp-content\/uploads\/2024\/02\/IMG_6164-768x576.jpg 768w, https:\/\/www.denizati.net\/tr\/wp-content\/uploads\/2024\/02\/IMG_6164-1536x1152.jpg 1536w, https:\/\/www.denizati.net\/tr\/wp-content\/uploads\/2024\/02\/IMG_6164-2048x1536.jpg 2048w, https:\/\/www.denizati.net\/tr\/wp-content\/uploads\/2024\/02\/IMG_6164-80x60.jpg 80w, https:\/\/www.denizati.net\/tr\/wp-content\/uploads\/2024\/02\/IMG_6164-265x198.jpg 265w, https:\/\/www.denizati.net\/tr\/wp-content\/uploads\/2024\/02\/IMG_6164-696x522.jpg 696w, https:\/\/www.denizati.net\/tr\/wp-content\/uploads\/2024\/02\/IMG_6164-1068x801.jpg 1068w, https:\/\/www.denizati.net\/tr\/wp-content\/uploads\/2024\/02\/IMG_6164-560x420.jpg 560w\" sizes=\"auto, (max-width: 1024px) 100vw, 1024px\" \/><\/figure>\n\n\n\n<figure class=\"wp-block-image size-large\"><img loading=\"lazy\" decoding=\"async\" width=\"1024\" height=\"768\" data-id=\"21465\" src=\"https:\/\/www.denizati.net\/tr\/wp-content\/uploads\/2024\/02\/IMG_7469-1024x768.jpg\" alt=\"\" class=\"wp-image-21465\" srcset=\"https:\/\/www.denizati.net\/tr\/wp-content\/uploads\/2024\/02\/IMG_7469-1024x768.jpg 1024w, https:\/\/www.denizati.net\/tr\/wp-content\/uploads\/2024\/02\/IMG_7469-300x225.jpg 300w, https:\/\/www.denizati.net\/tr\/wp-content\/uploads\/2024\/02\/IMG_7469-768x576.jpg 768w, https:\/\/www.denizati.net\/tr\/wp-content\/uploads\/2024\/02\/IMG_7469-1536x1152.jpg 1536w, https:\/\/www.denizati.net\/tr\/wp-content\/uploads\/2024\/02\/IMG_7469-2048x1536.jpg 2048w, https:\/\/www.denizati.net\/tr\/wp-content\/uploads\/2024\/02\/IMG_7469-80x60.jpg 80w, https:\/\/www.denizati.net\/tr\/wp-content\/uploads\/2024\/02\/IMG_7469-265x198.jpg 265w, https:\/\/www.denizati.net\/tr\/wp-content\/uploads\/2024\/02\/IMG_7469-696x522.jpg 696w, https:\/\/www.denizati.net\/tr\/wp-content\/uploads\/2024\/02\/IMG_7469-1068x801.jpg 1068w, https:\/\/www.denizati.net\/tr\/wp-content\/uploads\/2024\/02\/IMG_7469-560x420.jpg 560w\" sizes=\"auto, (max-width: 1024px) 100vw, 1024px\" \/><\/figure>\n<\/figure>\n","protected":false},"excerpt":{"rendered":"<p>2023-2024 e\u011fitim \u00f6\u011fretim y\u0131l\u0131nda SEMEP Proje yar\u0131\u015fmas\u0131n\u0131n birinci b\u00f6l\u00fcm\u00fc olan \u201cAfi\u015f Sergisi\u201d \u00e7al\u0131\u015fmas\u0131,&nbsp; 10 \u015eubat Cumartesi g\u00fcn\u00fc MEV Koleji \u00d6zel B\u00fcy\u00fck\u00e7ekmece Okullar\u0131nda yap\u0131ld\u0131. \u00d6zel Denizat\u0131\u00a0 Ortaokulu \u00a0\u00f6\u011frencilerimiz Almanca ve T\u00fcrk\u00e7e\u00a0 olarak haz\u0131rlad\u0131klar\u0131\u00a0 afi\u015flerle sergiye kat\u0131ld\u0131lar. Almanca afi\u015fimizde ak\u0131ll\u0131 kentlerin \u00f6nemine ve ya\u015fam\u0131m\u0131z\u0131 nas\u0131l etkileyece\u011fine dikkat \u00e7ektik. T\u00fcrk\u00e7e afi\u015fimizde ise do\u011fal ve organik tar\u0131m s\u00fcre\u00e7lerinde iyile\u015ftirmeye [&hellip;]<\/p>\n","protected":false},"author":1,"featured_media":21466,"comment_status":"open","ping_status":"open","sticky":false,"template":"","format":"standard","meta":{"ngg_post_thumbnail":0,"footnotes":""},"categories":[1],"tags":[],"class_list":["post-21464","post","type-post","status-publish","format-standard","has-post-thumbnail","hentry","category-genel"],"_links":{"self":[{"href":"https:\/\/www.denizati.net\/tr\/wp-json\/wp\/v2\/posts\/21464","targetHints":{"allow":["GET"]}}],"collection":[{"href":"https:\/\/www.denizati.net\/tr\/wp-json\/wp\/v2\/posts"}],"about":[{"href":"https:\/\/www.denizati.net\/tr\/wp-json\/wp\/v2\/types\/post"}],"author":[{"embeddable":true,"href":"https:\/\/www.denizati.net\/tr\/wp-json\/wp\/v2\/users\/1"}],"replies":[{"embeddable":true,"href":"https:\/\/www.denizati.net\/tr\/wp-json\/wp\/v2\/comments?post=21464"}],"version-history":[{"count":0,"href":"https:\/\/www.denizati.net\/tr\/wp-json\/wp\/v2\/posts\/21464\/revisions"}],"wp:featuredmedia":[{"embeddable":true,"href":"https:\/\/www.denizati.net\/tr\/wp-json\/wp\/v2\/media\/21466"}],"wp:attachment":[{"href":"https:\/\/www.denizati.net\/tr\/wp-json\/wp\/v2\/media?parent=21464"}],"wp:term":[{"taxonomy":"category","embeddable":true,"href":"https:\/\/www.denizati.net\/tr\/wp-json\/wp\/v2\/categories?post=21464"},{"taxonomy":"post_tag","embeddable":true,"href":"https:\/\/www.denizati.net\/tr\/wp-json\/wp\/v2\/tags?post=21464"}],"curies":[{"name":"wp","href":"https:\/\/api.w.org\/{rel}","templated":true}]}}