{"id":21157,"date":"2023-12-14T11:47:42","date_gmt":"2023-12-14T08:47:42","guid":{"rendered":"https:\/\/www.denizati.net\/tr\/?p=21157"},"modified":"2023-12-14T11:47:42","modified_gmt":"2023-12-14T08:47:42","slug":"okuma-kulturu-olusturmak","status":"publish","type":"post","link":"https:\/\/www.denizati.net\/tr\/okuma-kulturu-olusturmak","title":{"rendered":"Okuma K\u00fclt\u00fcr\u00fc Olu\u015fturmak"},"content":{"rendered":"\n<p>13 Aral\u0131k \u00c7ar\u015famba g\u00fcn\u00fc Can Yay\u0131nlar\u0131 \u00e7ocuk kitaplar\u0131 edit\u00f6r\u00fc Mehmet Erkurt ile 6.s\u0131n\u0131f velilerimizi bulu\u015fturduk. \u2018\u2019Okuma K\u00fclt\u00fcr\u00fc Olu\u015fturmak\u2019\u2019 ba\u015fl\u0131kl\u0131 seminerde kurmacalar\u0131n g\u00fcnl\u00fck hayat\u0131m\u0131z\u0131, d\u00fc\u015flerimizi ve \u00e7ocuklarla olan ili\u015fkimizi nas\u0131l etkiledi\u011fine dair bir sohbet ger\u00e7ekle\u015ftirdik. Okurken hat\u0131rlad\u0131klar\u0131m\u0131z, hat\u0131rlarken hem yeti\u015fkininin hem de \u00e7ocu\u011fun \u00e7a\u011fr\u0131\u015f\u0131mlar\u0131n\u0131n toplam\u0131nda kurmacada kurulan yapay d\u00fcnyan\u0131n asl\u0131nda i\u00e7inde ya\u015fad\u0131\u011f\u0131m\u0131z ger\u00e7ek d\u00fcnyay\u0131 nas\u0131l \u015fekillendirdi\u011fini g\u00f6rme f\u0131rsat\u0131m\u0131z oldu. Kat\u0131lan t\u00fcm velilerimize \u00e7ok te\u015fekk\u00fcr ederiz.<\/p>\n\n\n\n<figure class=\"wp-block-image size-full\"><img loading=\"lazy\" decoding=\"async\" width=\"303\" height=\"218\" src=\"https:\/\/www.denizati.net\/tr\/wp-content\/uploads\/2023\/12\/Mehmet-Erkut-1.jpg\" alt=\"\" class=\"wp-image-21159\" srcset=\"https:\/\/www.denizati.net\/tr\/wp-content\/uploads\/2023\/12\/Mehmet-Erkut-1.jpg 303w, https:\/\/www.denizati.net\/tr\/wp-content\/uploads\/2023\/12\/Mehmet-Erkut-1-300x216.jpg 300w\" sizes=\"auto, (max-width: 303px) 100vw, 303px\" \/><\/figure>\n","protected":false},"excerpt":{"rendered":"<p>13 Aral\u0131k \u00c7ar\u015famba g\u00fcn\u00fc Can Yay\u0131nlar\u0131 \u00e7ocuk kitaplar\u0131 edit\u00f6r\u00fc Mehmet Erkurt ile 6.s\u0131n\u0131f velilerimizi bulu\u015fturduk. \u2018\u2019Okuma K\u00fclt\u00fcr\u00fc Olu\u015fturmak\u2019\u2019 ba\u015fl\u0131kl\u0131 seminerde kurmacalar\u0131n g\u00fcnl\u00fck hayat\u0131m\u0131z\u0131, d\u00fc\u015flerimizi ve \u00e7ocuklarla olan ili\u015fkimizi nas\u0131l etkiledi\u011fine dair bir sohbet ger\u00e7ekle\u015ftirdik. Okurken hat\u0131rlad\u0131klar\u0131m\u0131z, hat\u0131rlarken hem yeti\u015fkininin hem de \u00e7ocu\u011fun \u00e7a\u011fr\u0131\u015f\u0131mlar\u0131n\u0131n toplam\u0131nda kurmacada kurulan yapay d\u00fcnyan\u0131n asl\u0131nda i\u00e7inde ya\u015fad\u0131\u011f\u0131m\u0131z ger\u00e7ek d\u00fcnyay\u0131 nas\u0131l \u015fekillendirdi\u011fini [&hellip;]<\/p>\n","protected":false},"author":1,"featured_media":17364,"comment_status":"open","ping_status":"open","sticky":false,"template":"","format":"standard","meta":{"ngg_post_thumbnail":0,"footnotes":""},"categories":[97],"tags":[],"class_list":["post-21157","post","type-post","status-publish","format-standard","has-post-thumbnail","hentry","category-etkinlikler-turkce-bolumu"],"_links":{"self":[{"href":"https:\/\/www.denizati.net\/tr\/wp-json\/wp\/v2\/posts\/21157","targetHints":{"allow":["GET"]}}],"collection":[{"href":"https:\/\/www.denizati.net\/tr\/wp-json\/wp\/v2\/posts"}],"about":[{"href":"https:\/\/www.denizati.net\/tr\/wp-json\/wp\/v2\/types\/post"}],"author":[{"embeddable":true,"href":"https:\/\/www.denizati.net\/tr\/wp-json\/wp\/v2\/users\/1"}],"replies":[{"embeddable":true,"href":"https:\/\/www.denizati.net\/tr\/wp-json\/wp\/v2\/comments?post=21157"}],"version-history":[{"count":0,"href":"https:\/\/www.denizati.net\/tr\/wp-json\/wp\/v2\/posts\/21157\/revisions"}],"wp:featuredmedia":[{"embeddable":true,"href":"https:\/\/www.denizati.net\/tr\/wp-json\/wp\/v2\/media\/17364"}],"wp:attachment":[{"href":"https:\/\/www.denizati.net\/tr\/wp-json\/wp\/v2\/media?parent=21157"}],"wp:term":[{"taxonomy":"category","embeddable":true,"href":"https:\/\/www.denizati.net\/tr\/wp-json\/wp\/v2\/categories?post=21157"},{"taxonomy":"post_tag","embeddable":true,"href":"https:\/\/www.denizati.net\/tr\/wp-json\/wp\/v2\/tags?post=21157"}],"curies":[{"name":"wp","href":"https:\/\/api.w.org\/{rel}","templated":true}]}}