{"id":20925,"date":"2023-11-09T10:38:39","date_gmt":"2023-11-09T07:38:39","guid":{"rendered":"https:\/\/www.denizati.net\/tr\/?p=20925"},"modified":"2023-11-09T10:38:39","modified_gmt":"2023-11-09T07:38:39","slug":"ataturku-anlamak-soylesisi","status":"publish","type":"post","link":"https:\/\/www.denizati.net\/tr\/ataturku-anlamak-soylesisi","title":{"rendered":"ATAT\u00dcRK\u2019\u00dc AN(LA)MAK S\u00d6YLE\u015e\u0130S\u0130"},"content":{"rendered":"\n<p>Atat\u00fcrk\u2019\u00fc Anma Haftas\u0131nda Emekli Albay-Yazar Hakan H\u00fcseyin \u00c7itim, 8. s\u0131n\u0131f \u00f6\u011frencilerimizle bir araya gelerek \u2018<strong>Atat\u00fcrk\u2019\u00fc Anlamak\u2019<\/strong> adl\u0131 s\u00f6yle\u015fi ger\u00e7ekle\u015ftirdi. Yazar, Atat\u00fcrk\u2019\u00fcn erdemlerini, insanl\u0131\u011f\u0131n\u0131 ,\u00a0 merhametini , insana ve do\u011faya\u00a0 olan sevgisini\u00a0\u00a0 hikayelerle\u00a0 \u00f6\u011frencilerimize aktard\u0131. Ulu \u00f6nder Atat\u00fcrk\u2019\u00fc d\u00fcnya \u00e7ap\u0131nda lider yapan ki\u015filik \u00f6zelliklerini ve Mustafa Kemal Atat\u00fcrk\u2019\u00fc anlaman\u0131n ne demek oldu\u011funu , T\u00fcrk gen\u00e7lerinden beklentilerini \u00f6\u011frencilerimize aktard\u0131.\u00a0<\/p>\n\n\n\n<figure class=\"wp-block-gallery has-nested-images columns-default is-cropped wp-block-gallery-1 is-layout-flex wp-block-gallery-is-layout-flex\">\n<figure class=\"wp-block-image size-large\"><img loading=\"lazy\" decoding=\"async\" width=\"1024\" height=\"768\" data-id=\"20926\" src=\"https:\/\/www.denizati.net\/tr\/wp-content\/uploads\/2023\/11\/IMG_5336-1024x768.jpg\" alt=\"\" class=\"wp-image-20926\" srcset=\"https:\/\/www.denizati.net\/tr\/wp-content\/uploads\/2023\/11\/IMG_5336-1024x768.jpg 1024w, https:\/\/www.denizati.net\/tr\/wp-content\/uploads\/2023\/11\/IMG_5336-300x225.jpg 300w, https:\/\/www.denizati.net\/tr\/wp-content\/uploads\/2023\/11\/IMG_5336-768x576.jpg 768w, https:\/\/www.denizati.net\/tr\/wp-content\/uploads\/2023\/11\/IMG_5336-1536x1152.jpg 1536w, https:\/\/www.denizati.net\/tr\/wp-content\/uploads\/2023\/11\/IMG_5336-2048x1536.jpg 2048w, https:\/\/www.denizati.net\/tr\/wp-content\/uploads\/2023\/11\/IMG_5336-80x60.jpg 80w, https:\/\/www.denizati.net\/tr\/wp-content\/uploads\/2023\/11\/IMG_5336-265x198.jpg 265w, https:\/\/www.denizati.net\/tr\/wp-content\/uploads\/2023\/11\/IMG_5336-696x522.jpg 696w, https:\/\/www.denizati.net\/tr\/wp-content\/uploads\/2023\/11\/IMG_5336-1068x801.jpg 1068w, https:\/\/www.denizati.net\/tr\/wp-content\/uploads\/2023\/11\/IMG_5336-560x420.jpg 560w\" sizes=\"auto, (max-width: 1024px) 100vw, 1024px\" \/><\/figure>\n\n\n\n<figure class=\"wp-block-image size-large\"><img loading=\"lazy\" decoding=\"async\" width=\"1024\" height=\"768\" data-id=\"20927\" src=\"https:\/\/www.denizati.net\/tr\/wp-content\/uploads\/2023\/11\/IMG_5352-1024x768.jpg\" alt=\"\" class=\"wp-image-20927\" srcset=\"https:\/\/www.denizati.net\/tr\/wp-content\/uploads\/2023\/11\/IMG_5352-1024x768.jpg 1024w, https:\/\/www.denizati.net\/tr\/wp-content\/uploads\/2023\/11\/IMG_5352-300x225.jpg 300w, https:\/\/www.denizati.net\/tr\/wp-content\/uploads\/2023\/11\/IMG_5352-768x576.jpg 768w, https:\/\/www.denizati.net\/tr\/wp-content\/uploads\/2023\/11\/IMG_5352-1536x1152.jpg 1536w, https:\/\/www.denizati.net\/tr\/wp-content\/uploads\/2023\/11\/IMG_5352-2048x1536.jpg 2048w, https:\/\/www.denizati.net\/tr\/wp-content\/uploads\/2023\/11\/IMG_5352-80x60.jpg 80w, https:\/\/www.denizati.net\/tr\/wp-content\/uploads\/2023\/11\/IMG_5352-265x198.jpg 265w, https:\/\/www.denizati.net\/tr\/wp-content\/uploads\/2023\/11\/IMG_5352-696x522.jpg 696w, https:\/\/www.denizati.net\/tr\/wp-content\/uploads\/2023\/11\/IMG_5352-1068x801.jpg 1068w, https:\/\/www.denizati.net\/tr\/wp-content\/uploads\/2023\/11\/IMG_5352-560x420.jpg 560w\" sizes=\"auto, (max-width: 1024px) 100vw, 1024px\" \/><\/figure>\n\n\n\n<figure class=\"wp-block-image size-large\"><img loading=\"lazy\" decoding=\"async\" width=\"1024\" height=\"813\" data-id=\"20929\" src=\"https:\/\/www.denizati.net\/tr\/wp-content\/uploads\/2023\/11\/IMG_5356-1024x813.jpg\" alt=\"\" class=\"wp-image-20929\" srcset=\"https:\/\/www.denizati.net\/tr\/wp-content\/uploads\/2023\/11\/IMG_5356-1024x813.jpg 1024w, https:\/\/www.denizati.net\/tr\/wp-content\/uploads\/2023\/11\/IMG_5356-300x238.jpg 300w, https:\/\/www.denizati.net\/tr\/wp-content\/uploads\/2023\/11\/IMG_5356-768x610.jpg 768w, https:\/\/www.denizati.net\/tr\/wp-content\/uploads\/2023\/11\/IMG_5356-1536x1220.jpg 1536w, https:\/\/www.denizati.net\/tr\/wp-content\/uploads\/2023\/11\/IMG_5356-2048x1627.jpg 2048w, https:\/\/www.denizati.net\/tr\/wp-content\/uploads\/2023\/11\/IMG_5356-696x553.jpg 696w, https:\/\/www.denizati.net\/tr\/wp-content\/uploads\/2023\/11\/IMG_5356-1068x848.jpg 1068w, https:\/\/www.denizati.net\/tr\/wp-content\/uploads\/2023\/11\/IMG_5356-529x420.jpg 529w\" sizes=\"auto, (max-width: 1024px) 100vw, 1024px\" \/><\/figure>\n<\/figure>\n","protected":false},"excerpt":{"rendered":"<p>Atat\u00fcrk\u2019\u00fc Anma Haftas\u0131nda Emekli Albay-Yazar Hakan H\u00fcseyin \u00c7itim, 8. s\u0131n\u0131f \u00f6\u011frencilerimizle bir araya gelerek \u2018Atat\u00fcrk\u2019\u00fc Anlamak\u2019 adl\u0131 s\u00f6yle\u015fi ger\u00e7ekle\u015ftirdi. Yazar, Atat\u00fcrk\u2019\u00fcn erdemlerini, insanl\u0131\u011f\u0131n\u0131 ,\u00a0 merhametini , insana ve do\u011faya\u00a0 olan sevgisini\u00a0\u00a0 hikayelerle\u00a0 \u00f6\u011frencilerimize aktard\u0131. Ulu \u00f6nder Atat\u00fcrk\u2019\u00fc d\u00fcnya \u00e7ap\u0131nda lider yapan ki\u015filik \u00f6zelliklerini ve Mustafa Kemal Atat\u00fcrk\u2019\u00fc anlaman\u0131n ne demek oldu\u011funu , T\u00fcrk gen\u00e7lerinden beklentilerini [&hellip;]<\/p>\n","protected":false},"author":1,"featured_media":20929,"comment_status":"open","ping_status":"open","sticky":false,"template":"","format":"standard","meta":{"ngg_post_thumbnail":0,"footnotes":""},"categories":[1],"tags":[],"class_list":["post-20925","post","type-post","status-publish","format-standard","has-post-thumbnail","hentry","category-genel"],"_links":{"self":[{"href":"https:\/\/www.denizati.net\/tr\/wp-json\/wp\/v2\/posts\/20925","targetHints":{"allow":["GET"]}}],"collection":[{"href":"https:\/\/www.denizati.net\/tr\/wp-json\/wp\/v2\/posts"}],"about":[{"href":"https:\/\/www.denizati.net\/tr\/wp-json\/wp\/v2\/types\/post"}],"author":[{"embeddable":true,"href":"https:\/\/www.denizati.net\/tr\/wp-json\/wp\/v2\/users\/1"}],"replies":[{"embeddable":true,"href":"https:\/\/www.denizati.net\/tr\/wp-json\/wp\/v2\/comments?post=20925"}],"version-history":[{"count":0,"href":"https:\/\/www.denizati.net\/tr\/wp-json\/wp\/v2\/posts\/20925\/revisions"}],"wp:featuredmedia":[{"embeddable":true,"href":"https:\/\/www.denizati.net\/tr\/wp-json\/wp\/v2\/media\/20929"}],"wp:attachment":[{"href":"https:\/\/www.denizati.net\/tr\/wp-json\/wp\/v2\/media?parent=20925"}],"wp:term":[{"taxonomy":"category","embeddable":true,"href":"https:\/\/www.denizati.net\/tr\/wp-json\/wp\/v2\/categories?post=20925"},{"taxonomy":"post_tag","embeddable":true,"href":"https:\/\/www.denizati.net\/tr\/wp-json\/wp\/v2\/tags?post=20925"}],"curies":[{"name":"wp","href":"https:\/\/api.w.org\/{rel}","templated":true}]}}