{"id":17557,"date":"2022-04-26T12:01:58","date_gmt":"2022-04-26T09:01:58","guid":{"rendered":"http:\/\/www.denizati.net\/tr\/?p=17557"},"modified":"2022-04-26T12:01:58","modified_gmt":"2022-04-26T09:01:58","slug":"almanca-ingilizce-proje-sunum-calismasi-turk-edebiyatinin-kose-taslari-yazarlarimiz-ve-eserleri","status":"publish","type":"post","link":"https:\/\/www.denizati.net\/tr\/almanca-ingilizce-proje-sunum-calismasi-turk-edebiyatinin-kose-taslari-yazarlarimiz-ve-eserleri","title":{"rendered":"ALMANCA \u2013 \u0130NG\u0130L\u0130ZCE PROJE SUNUM \u00c7ALI\u015eMASI (T\u00fcrk Edebiyat\u0131\u2019n\u0131n K\u00f6\u015fe Ta\u015flar\u0131 Yazarlar\u0131m\u0131z ve Eserleri)\u00a0\u00a0"},"content":{"rendered":"<p>TEVF\u0130K F\u0130KRET A\u015e\u0130YAN M\u00dcZES\u0130 \u2013 A\u015e\u0130YAN<\/p>\n<p>6 Nisan, 2022 tarihinde 7-N s\u0131n\u0131f\u0131 ile Almanca ve \u0130ngilizce b\u00f6l\u00fcmlerinin ortak proje sunum \u00e7al\u0131\u015fmas\u0131 kapsam\u0131nda yazar ve \u015fair olan Tevfik Fikret A\u015fiyan M\u00fczesine gezi d\u00fczenlenmi\u015ftir. Tevfik Fikret \u00f6nceden bu evde ya\u015fam\u0131\u015f oldu\u011fu i\u00e7in bu ev \u201c A\u015fiyan M\u00fczesine\u201d d\u00f6n\u00fc\u015ft\u00fcr\u00fclm\u00fc\u015f, ve yazar\u0131n ismi buraya verilmi\u015ftir.<\/p>\n<p>\u00d6\u011frencilerimiz ilk olarak haz\u0131rlad\u0131klar\u0131 \u0130ngilizce ve Almanca sunumu ger\u00e7ekle\u015ftirdiler. Sonras\u0131nda, m\u00fcze rehberi e\u015fli\u011finde m\u00fczeyi gezerek, Tevfik Fikret\u2019e ait \u00f6zel e\u015fyalar\u0131 da g\u00f6rme f\u0131rsat\u0131 buldular.<\/p>\n<p><img loading=\"lazy\" decoding=\"async\" class=\"aligncenter  wp-image-17558\" src=\"http:\/\/www.denizati.net\/tr\/wp-content\/uploads\/2022\/04\/7N-gezi-1--1024x768.jpg\" alt=\"\" width=\"483\" height=\"362\" srcset=\"https:\/\/www.denizati.net\/tr\/wp-content\/uploads\/2022\/04\/7N-gezi-1--1024x768.jpg 1024w, https:\/\/www.denizati.net\/tr\/wp-content\/uploads\/2022\/04\/7N-gezi-1--300x225.jpg 300w, https:\/\/www.denizati.net\/tr\/wp-content\/uploads\/2022\/04\/7N-gezi-1--768x576.jpg 768w, https:\/\/www.denizati.net\/tr\/wp-content\/uploads\/2022\/04\/7N-gezi-1--80x60.jpg 80w, https:\/\/www.denizati.net\/tr\/wp-content\/uploads\/2022\/04\/7N-gezi-1--265x198.jpg 265w, https:\/\/www.denizati.net\/tr\/wp-content\/uploads\/2022\/04\/7N-gezi-1--696x522.jpg 696w, https:\/\/www.denizati.net\/tr\/wp-content\/uploads\/2022\/04\/7N-gezi-1--1068x801.jpg 1068w, https:\/\/www.denizati.net\/tr\/wp-content\/uploads\/2022\/04\/7N-gezi-1--560x420.jpg 560w, https:\/\/www.denizati.net\/tr\/wp-content\/uploads\/2022\/04\/7N-gezi-1-.jpg 1600w\" sizes=\"auto, (max-width: 483px) 100vw, 483px\" \/> <img loading=\"lazy\" decoding=\"async\" class=\"aligncenter  wp-image-17559\" src=\"http:\/\/www.denizati.net\/tr\/wp-content\/uploads\/2022\/04\/7N-gezi-2-1024x768.jpg\" alt=\"\" width=\"474\" height=\"356\" srcset=\"https:\/\/www.denizati.net\/tr\/wp-content\/uploads\/2022\/04\/7N-gezi-2-1024x768.jpg 1024w, https:\/\/www.denizati.net\/tr\/wp-content\/uploads\/2022\/04\/7N-gezi-2-300x225.jpg 300w, https:\/\/www.denizati.net\/tr\/wp-content\/uploads\/2022\/04\/7N-gezi-2-768x576.jpg 768w, https:\/\/www.denizati.net\/tr\/wp-content\/uploads\/2022\/04\/7N-gezi-2-80x60.jpg 80w, https:\/\/www.denizati.net\/tr\/wp-content\/uploads\/2022\/04\/7N-gezi-2-265x198.jpg 265w, https:\/\/www.denizati.net\/tr\/wp-content\/uploads\/2022\/04\/7N-gezi-2-696x522.jpg 696w, https:\/\/www.denizati.net\/tr\/wp-content\/uploads\/2022\/04\/7N-gezi-2-1068x801.jpg 1068w, https:\/\/www.denizati.net\/tr\/wp-content\/uploads\/2022\/04\/7N-gezi-2-560x420.jpg 560w, https:\/\/www.denizati.net\/tr\/wp-content\/uploads\/2022\/04\/7N-gezi-2.jpg 1600w\" sizes=\"auto, (max-width: 474px) 100vw, 474px\" \/> <img loading=\"lazy\" decoding=\"async\" class=\"aligncenter  wp-image-17560\" src=\"http:\/\/www.denizati.net\/tr\/wp-content\/uploads\/2022\/04\/7N-gezi-3-1024x768.jpg\" alt=\"\" width=\"473\" height=\"355\" srcset=\"https:\/\/www.denizati.net\/tr\/wp-content\/uploads\/2022\/04\/7N-gezi-3-1024x768.jpg 1024w, https:\/\/www.denizati.net\/tr\/wp-content\/uploads\/2022\/04\/7N-gezi-3-300x225.jpg 300w, https:\/\/www.denizati.net\/tr\/wp-content\/uploads\/2022\/04\/7N-gezi-3-768x576.jpg 768w, https:\/\/www.denizati.net\/tr\/wp-content\/uploads\/2022\/04\/7N-gezi-3-80x60.jpg 80w, https:\/\/www.denizati.net\/tr\/wp-content\/uploads\/2022\/04\/7N-gezi-3-265x198.jpg 265w, https:\/\/www.denizati.net\/tr\/wp-content\/uploads\/2022\/04\/7N-gezi-3-696x522.jpg 696w, https:\/\/www.denizati.net\/tr\/wp-content\/uploads\/2022\/04\/7N-gezi-3-1068x801.jpg 1068w, https:\/\/www.denizati.net\/tr\/wp-content\/uploads\/2022\/04\/7N-gezi-3-560x420.jpg 560w, https:\/\/www.denizati.net\/tr\/wp-content\/uploads\/2022\/04\/7N-gezi-3.jpg 1600w\" sizes=\"auto, (max-width: 473px) 100vw, 473px\" \/><\/p>\n<p>&nbsp;<\/p>\n<p>TEVF\u0130K F\u0130KRET A\u015e\u0130YAN M\u00dcZES\u0130 \u2013 A\u015e\u0130YAN<\/p>\n<p>20 Nisan, 2002 tarihinde 7-L \u00a0s\u0131n\u0131f\u0131 ile Almanca ve \u0130ngilizce b\u00f6l\u00fcmlerinin ortak proje sunum \u00e7al\u0131\u015fmas\u0131 kapsam\u0131nda yazar ve \u015fair olan Tevfik Fikret A\u015fiyan M\u00fczesine gezi d\u00fczenlenmi\u015ftir. Tevfik Fikret \u00f6nceden bu evde ya\u015fam\u0131\u015f oldu\u011fu i\u00e7in bu ev \u201c A\u015fiyan M\u00fczesine\u201d d\u00f6n\u00fc\u015ft\u00fcr\u00fclm\u00fc\u015f, ve yazar\u0131n ismi buraya verilmi\u015ftir.<\/p>\n<p>\u00d6\u011frencilerimiz ilk olarak haz\u0131rlad\u0131klar\u0131 \u0130ngilizce ve Almanca sunumu ger\u00e7ekle\u015ftirdiler. Sonras\u0131nda, m\u00fcze rehberi e\u015fli\u011finde m\u00fczeyi gezerek, Tevfik Fikret\u2019e ait \u00f6zel e\u015fyalar\u0131 da g\u00f6rme f\u0131rsat\u0131 buldular.<\/p>\n<p><img loading=\"lazy\" decoding=\"async\" class=\"aligncenter  wp-image-17561\" src=\"http:\/\/www.denizati.net\/tr\/wp-content\/uploads\/2022\/04\/7L-gezi-1-1024x768.jpg\" alt=\"\" width=\"421\" height=\"316\" srcset=\"https:\/\/www.denizati.net\/tr\/wp-content\/uploads\/2022\/04\/7L-gezi-1-1024x768.jpg 1024w, https:\/\/www.denizati.net\/tr\/wp-content\/uploads\/2022\/04\/7L-gezi-1-300x225.jpg 300w, https:\/\/www.denizati.net\/tr\/wp-content\/uploads\/2022\/04\/7L-gezi-1-768x576.jpg 768w, https:\/\/www.denizati.net\/tr\/wp-content\/uploads\/2022\/04\/7L-gezi-1-80x60.jpg 80w, https:\/\/www.denizati.net\/tr\/wp-content\/uploads\/2022\/04\/7L-gezi-1-265x198.jpg 265w, https:\/\/www.denizati.net\/tr\/wp-content\/uploads\/2022\/04\/7L-gezi-1-696x522.jpg 696w, https:\/\/www.denizati.net\/tr\/wp-content\/uploads\/2022\/04\/7L-gezi-1-1068x801.jpg 1068w, https:\/\/www.denizati.net\/tr\/wp-content\/uploads\/2022\/04\/7L-gezi-1-560x420.jpg 560w, https:\/\/www.denizati.net\/tr\/wp-content\/uploads\/2022\/04\/7L-gezi-1.jpg 2048w\" sizes=\"auto, (max-width: 421px) 100vw, 421px\" \/> <img loading=\"lazy\" decoding=\"async\" class=\"aligncenter  wp-image-17562\" src=\"http:\/\/www.denizati.net\/tr\/wp-content\/uploads\/2022\/04\/7L-gezi-2-1024x621.jpg\" alt=\"\" width=\"441\" height=\"267\" srcset=\"https:\/\/www.denizati.net\/tr\/wp-content\/uploads\/2022\/04\/7L-gezi-2-1024x621.jpg 1024w, https:\/\/www.denizati.net\/tr\/wp-content\/uploads\/2022\/04\/7L-gezi-2-300x182.jpg 300w, https:\/\/www.denizati.net\/tr\/wp-content\/uploads\/2022\/04\/7L-gezi-2-768x466.jpg 768w, https:\/\/www.denizati.net\/tr\/wp-content\/uploads\/2022\/04\/7L-gezi-2-696x422.jpg 696w, https:\/\/www.denizati.net\/tr\/wp-content\/uploads\/2022\/04\/7L-gezi-2-1068x648.jpg 1068w, https:\/\/www.denizati.net\/tr\/wp-content\/uploads\/2022\/04\/7L-gezi-2-692x420.jpg 692w, https:\/\/www.denizati.net\/tr\/wp-content\/uploads\/2022\/04\/7L-gezi-2.jpg 1900w\" sizes=\"auto, (max-width: 441px) 100vw, 441px\" \/> <img loading=\"lazy\" decoding=\"async\" class=\"aligncenter  wp-image-17563\" src=\"http:\/\/www.denizati.net\/tr\/wp-content\/uploads\/2022\/04\/7L-gezi-3-1024x677.jpg\" alt=\"\" width=\"443\" height=\"293\" srcset=\"https:\/\/www.denizati.net\/tr\/wp-content\/uploads\/2022\/04\/7L-gezi-3-1024x677.jpg 1024w, https:\/\/www.denizati.net\/tr\/wp-content\/uploads\/2022\/04\/7L-gezi-3-300x198.jpg 300w, https:\/\/www.denizati.net\/tr\/wp-content\/uploads\/2022\/04\/7L-gezi-3-768x508.jpg 768w, https:\/\/www.denizati.net\/tr\/wp-content\/uploads\/2022\/04\/7L-gezi-3-696x460.jpg 696w, https:\/\/www.denizati.net\/tr\/wp-content\/uploads\/2022\/04\/7L-gezi-3-1068x706.jpg 1068w, https:\/\/www.denizati.net\/tr\/wp-content\/uploads\/2022\/04\/7L-gezi-3-635x420.jpg 635w, https:\/\/www.denizati.net\/tr\/wp-content\/uploads\/2022\/04\/7L-gezi-3.jpg 1320w\" sizes=\"auto, (max-width: 443px) 100vw, 443px\" \/><\/p>\n","protected":false},"excerpt":{"rendered":"<p>TEVF\u0130K F\u0130KRET A\u015e\u0130YAN M\u00dcZES\u0130 \u2013 A\u015e\u0130YAN 6 Nisan, 2022 tarihinde 7-N s\u0131n\u0131f\u0131 ile Almanca ve \u0130ngilizce b\u00f6l\u00fcmlerinin ortak proje sunum \u00e7al\u0131\u015fmas\u0131 kapsam\u0131nda yazar ve \u015fair olan Tevfik Fikret A\u015fiyan M\u00fczesine gezi d\u00fczenlenmi\u015ftir. Tevfik Fikret \u00f6nceden bu evde ya\u015fam\u0131\u015f oldu\u011fu i\u00e7in bu ev \u201c A\u015fiyan M\u00fczesine\u201d d\u00f6n\u00fc\u015ft\u00fcr\u00fclm\u00fc\u015f, ve yazar\u0131n ismi buraya verilmi\u015ftir. \u00d6\u011frencilerimiz ilk olarak haz\u0131rlad\u0131klar\u0131 [&hellip;]<\/p>\n","protected":false},"author":1,"featured_media":17563,"comment_status":"open","ping_status":"open","sticky":false,"template":"","format":"standard","meta":{"ngg_post_thumbnail":0,"footnotes":""},"categories":[1],"tags":[],"class_list":["post-17557","post","type-post","status-publish","format-standard","has-post-thumbnail","hentry","category-genel"],"_links":{"self":[{"href":"https:\/\/www.denizati.net\/tr\/wp-json\/wp\/v2\/posts\/17557","targetHints":{"allow":["GET"]}}],"collection":[{"href":"https:\/\/www.denizati.net\/tr\/wp-json\/wp\/v2\/posts"}],"about":[{"href":"https:\/\/www.denizati.net\/tr\/wp-json\/wp\/v2\/types\/post"}],"author":[{"embeddable":true,"href":"https:\/\/www.denizati.net\/tr\/wp-json\/wp\/v2\/users\/1"}],"replies":[{"embeddable":true,"href":"https:\/\/www.denizati.net\/tr\/wp-json\/wp\/v2\/comments?post=17557"}],"version-history":[{"count":0,"href":"https:\/\/www.denizati.net\/tr\/wp-json\/wp\/v2\/posts\/17557\/revisions"}],"wp:featuredmedia":[{"embeddable":true,"href":"https:\/\/www.denizati.net\/tr\/wp-json\/wp\/v2\/media\/17563"}],"wp:attachment":[{"href":"https:\/\/www.denizati.net\/tr\/wp-json\/wp\/v2\/media?parent=17557"}],"wp:term":[{"taxonomy":"category","embeddable":true,"href":"https:\/\/www.denizati.net\/tr\/wp-json\/wp\/v2\/categories?post=17557"},{"taxonomy":"post_tag","embeddable":true,"href":"https:\/\/www.denizati.net\/tr\/wp-json\/wp\/v2\/tags?post=17557"}],"curies":[{"name":"wp","href":"https:\/\/api.w.org\/{rel}","templated":true}]}}