{"id":17551,"date":"2022-04-26T11:33:38","date_gmt":"2022-04-26T08:33:38","guid":{"rendered":"http:\/\/www.denizati.net\/tr\/?p=17551"},"modified":"2022-04-26T11:34:34","modified_gmt":"2022-04-26T08:34:34","slug":"mavisel-yener-ile-mavi-zamanlar","status":"publish","type":"post","link":"https:\/\/www.denizati.net\/tr\/mavisel-yener-ile-mavi-zamanlar","title":{"rendered":"MAV\u0130SEL YENER \u0130LE MAV\u0130 ZAMANLAR"},"content":{"rendered":"<p>25 Mart Pazartesi g\u00fcn\u00fc &#8220;Mavi Zamanlar&#8221; kitab\u0131n\u0131n yazar\u0131 Mavisel Yener \u00e7evrim i\u00e7i olarak 6. s\u0131n\u0131f \u00f6\u011frencilerimizle keyifli bir s\u00f6yle\u015fi ger\u00e7ekle\u015ftirmi\u015ftir. Ege \u00dcniversitesi Di\u015f Hekimli\u011fi Fak\u00fcltesi mezunu olan \u00e7ocuk roman\u0131, \u015fiir, \u00f6yk\u00fc, masal, tiyatro ve radyo oyunu t\u00fcrlerinde y\u00fczden fazla eser veren, TRT \u0130zmir Radyosunda edebiyat programlar\u0131 yapan \u00e7ocuk ve gen\u00e7lik kitaplar\u0131 i\u00e7in inceleme yaz\u0131lar\u0131 yazan \u00f6yk\u00fc ve \u015fiirleri ders kitaplar\u0131nda yer alan Mavisel Yener ile \u00f6\u011frencilerimiz tan\u0131\u015farak sorular\u0131n\u0131 sorma f\u0131rsat\u0131 buldu. Yazar\u0131m\u0131za bu keyifli dakikalar i\u00e7in \u00e7ok te\u015fekk\u00fcr ederiz.<\/p>\n<p><img loading=\"lazy\" decoding=\"async\" class=\"aligncenter wp-image-17552\" src=\"http:\/\/www.denizati.net\/tr\/wp-content\/uploads\/2022\/04\/resim-976x1024.jpg\" alt=\"\" width=\"409\" height=\"429\" srcset=\"https:\/\/www.denizati.net\/tr\/wp-content\/uploads\/2022\/04\/resim-976x1024.jpg 976w, https:\/\/www.denizati.net\/tr\/wp-content\/uploads\/2022\/04\/resim-286x300.jpg 286w, https:\/\/www.denizati.net\/tr\/wp-content\/uploads\/2022\/04\/resim-768x806.jpg 768w, https:\/\/www.denizati.net\/tr\/wp-content\/uploads\/2022\/04\/resim-696x730.jpg 696w, https:\/\/www.denizati.net\/tr\/wp-content\/uploads\/2022\/04\/resim-1068x1121.jpg 1068w, https:\/\/www.denizati.net\/tr\/wp-content\/uploads\/2022\/04\/resim-400x420.jpg 400w\" sizes=\"auto, (max-width: 409px) 100vw, 409px\" \/> <img loading=\"lazy\" decoding=\"async\" class=\"aligncenter wp-image-17553\" src=\"http:\/\/www.denizati.net\/tr\/wp-content\/uploads\/2022\/04\/resimm-1024x645.jpg\" alt=\"\" width=\"391\" height=\"246\" srcset=\"https:\/\/www.denizati.net\/tr\/wp-content\/uploads\/2022\/04\/resimm-1024x645.jpg 1024w, https:\/\/www.denizati.net\/tr\/wp-content\/uploads\/2022\/04\/resimm-300x189.jpg 300w, https:\/\/www.denizati.net\/tr\/wp-content\/uploads\/2022\/04\/resimm-768x484.jpg 768w, https:\/\/www.denizati.net\/tr\/wp-content\/uploads\/2022\/04\/resimm-696x438.jpg 696w, https:\/\/www.denizati.net\/tr\/wp-content\/uploads\/2022\/04\/resimm-1068x673.jpg 1068w, https:\/\/www.denizati.net\/tr\/wp-content\/uploads\/2022\/04\/resimm-667x420.jpg 667w\" sizes=\"auto, (max-width: 391px) 100vw, 391px\" \/> <img loading=\"lazy\" decoding=\"async\" class=\"aligncenter wp-image-17554\" src=\"http:\/\/www.denizati.net\/tr\/wp-content\/uploads\/2022\/04\/resimmm-1024x768.jpg\" alt=\"\" width=\"373\" height=\"280\" srcset=\"https:\/\/www.denizati.net\/tr\/wp-content\/uploads\/2022\/04\/resimmm-1024x768.jpg 1024w, https:\/\/www.denizati.net\/tr\/wp-content\/uploads\/2022\/04\/resimmm-300x225.jpg 300w, https:\/\/www.denizati.net\/tr\/wp-content\/uploads\/2022\/04\/resimmm-768x576.jpg 768w, https:\/\/www.denizati.net\/tr\/wp-content\/uploads\/2022\/04\/resimmm-80x60.jpg 80w, https:\/\/www.denizati.net\/tr\/wp-content\/uploads\/2022\/04\/resimmm-265x198.jpg 265w, https:\/\/www.denizati.net\/tr\/wp-content\/uploads\/2022\/04\/resimmm-696x522.jpg 696w, https:\/\/www.denizati.net\/tr\/wp-content\/uploads\/2022\/04\/resimmm-1068x801.jpg 1068w, https:\/\/www.denizati.net\/tr\/wp-content\/uploads\/2022\/04\/resimmm-560x420.jpg 560w\" sizes=\"auto, (max-width: 373px) 100vw, 373px\" \/><\/p>\n<p><strong><u>\u00a0<\/u><\/strong><\/p>\n<p>&nbsp;<\/p>\n","protected":false},"excerpt":{"rendered":"<p>25 Mart Pazartesi g\u00fcn\u00fc &#8220;Mavi Zamanlar&#8221; kitab\u0131n\u0131n yazar\u0131 Mavisel Yener \u00e7evrim i\u00e7i olarak 6. s\u0131n\u0131f \u00f6\u011frencilerimizle keyifli bir s\u00f6yle\u015fi ger\u00e7ekle\u015ftirmi\u015ftir. Ege \u00dcniversitesi Di\u015f Hekimli\u011fi Fak\u00fcltesi mezunu olan \u00e7ocuk roman\u0131, \u015fiir, \u00f6yk\u00fc, masal, tiyatro ve radyo oyunu t\u00fcrlerinde y\u00fczden fazla eser veren, TRT \u0130zmir Radyosunda edebiyat programlar\u0131 yapan \u00e7ocuk ve gen\u00e7lik kitaplar\u0131 i\u00e7in inceleme yaz\u0131lar\u0131 yazan [&hellip;]<\/p>\n","protected":false},"author":1,"featured_media":17556,"comment_status":"open","ping_status":"open","sticky":false,"template":"","format":"standard","meta":{"ngg_post_thumbnail":0,"footnotes":""},"categories":[1],"tags":[],"class_list":["post-17551","post","type-post","status-publish","format-standard","has-post-thumbnail","hentry","category-genel"],"_links":{"self":[{"href":"https:\/\/www.denizati.net\/tr\/wp-json\/wp\/v2\/posts\/17551","targetHints":{"allow":["GET"]}}],"collection":[{"href":"https:\/\/www.denizati.net\/tr\/wp-json\/wp\/v2\/posts"}],"about":[{"href":"https:\/\/www.denizati.net\/tr\/wp-json\/wp\/v2\/types\/post"}],"author":[{"embeddable":true,"href":"https:\/\/www.denizati.net\/tr\/wp-json\/wp\/v2\/users\/1"}],"replies":[{"embeddable":true,"href":"https:\/\/www.denizati.net\/tr\/wp-json\/wp\/v2\/comments?post=17551"}],"version-history":[{"count":0,"href":"https:\/\/www.denizati.net\/tr\/wp-json\/wp\/v2\/posts\/17551\/revisions"}],"wp:featuredmedia":[{"embeddable":true,"href":"https:\/\/www.denizati.net\/tr\/wp-json\/wp\/v2\/media\/17556"}],"wp:attachment":[{"href":"https:\/\/www.denizati.net\/tr\/wp-json\/wp\/v2\/media?parent=17551"}],"wp:term":[{"taxonomy":"category","embeddable":true,"href":"https:\/\/www.denizati.net\/tr\/wp-json\/wp\/v2\/categories?post=17551"},{"taxonomy":"post_tag","embeddable":true,"href":"https:\/\/www.denizati.net\/tr\/wp-json\/wp\/v2\/tags?post=17551"}],"curies":[{"name":"wp","href":"https:\/\/api.w.org\/{rel}","templated":true}]}}