{"id":17485,"date":"2022-04-08T16:00:03","date_gmt":"2022-04-08T13:00:03","guid":{"rendered":"http:\/\/www.denizati.net\/tr\/?p=17485"},"modified":"2022-04-08T16:00:03","modified_gmt":"2022-04-08T13:00:03","slug":"panorama-1453-tarih-muzesi-ziyaretimiz","status":"publish","type":"post","link":"https:\/\/www.denizati.net\/tr\/panorama-1453-tarih-muzesi-ziyaretimiz","title":{"rendered":"PANORAMA 1453 TAR\u0130H M\u00dcZES\u0130 Z\u0130YARET\u0130M\u0130Z"},"content":{"rendered":"<p>7.s\u0131n\u0131f \u00f6\u011frencimiz ile 30 Mart, 1 Nisan, 8 Nisan 2022 tarihlerinde Panorama 1453 Tarih M\u00fczesi\u2019 ni ziyaret ettik. Bu ziyarette \u00f6\u011frencilerimize m\u00fcze bilincini a\u015f\u0131layarak \u2018\u2019K\u00fclt\u00fcr ve Miras\u2019\u2019 \u00fcnitesinde i\u015fledi\u011fimiz konular\u0131 daha anlaml\u0131 hale getirip somutla\u015ft\u0131rd\u0131k. Bir \u00e7a\u011f a\u00e7\u0131p bir \u00e7a\u011f kapatan \u0130stanbul\u2019un fethinin Osmanl\u0131 Devleti\u2019ne katk\u0131lar\u0131n\u0131n ekonomik ve k\u00fclt\u00fcrel ba\u011flamda irdelenmesini sa\u011flad\u0131k. \u00d6\u011frencilerimiz bu m\u00fcze ziyaretiyle k\u00fclt\u00fcrel miras\u0131m\u0131z\u0131n \u00f6nemini kavrad\u0131lar ve \u00e7ok boyutlu d\u00fc\u015f\u00fcnme becerilerini geli\u015ftirdiler.<\/p>\n<p><img loading=\"lazy\" decoding=\"async\" class=\"alignnone size-medium wp-image-17486\" src=\"http:\/\/www.denizati.net\/tr\/wp-content\/uploads\/2022\/04\/1.-300x225.jpeg\" alt=\"\" width=\"300\" height=\"225\" srcset=\"https:\/\/www.denizati.net\/tr\/wp-content\/uploads\/2022\/04\/1.-300x225.jpeg 300w, https:\/\/www.denizati.net\/tr\/wp-content\/uploads\/2022\/04\/1.-768x576.jpeg 768w, https:\/\/www.denizati.net\/tr\/wp-content\/uploads\/2022\/04\/1..jpeg 1024w, https:\/\/www.denizati.net\/tr\/wp-content\/uploads\/2022\/04\/1.-80x60.jpeg 80w, https:\/\/www.denizati.net\/tr\/wp-content\/uploads\/2022\/04\/1.-265x198.jpeg 265w, https:\/\/www.denizati.net\/tr\/wp-content\/uploads\/2022\/04\/1.-696x522.jpeg 696w, https:\/\/www.denizati.net\/tr\/wp-content\/uploads\/2022\/04\/1.-560x420.jpeg 560w\" sizes=\"auto, (max-width: 300px) 100vw, 300px\" \/> <img loading=\"lazy\" decoding=\"async\" class=\"alignnone size-medium wp-image-17487\" src=\"http:\/\/www.denizati.net\/tr\/wp-content\/uploads\/2022\/04\/2-300x225.jpeg\" alt=\"\" width=\"300\" height=\"225\" srcset=\"https:\/\/www.denizati.net\/tr\/wp-content\/uploads\/2022\/04\/2-300x225.jpeg 300w, https:\/\/www.denizati.net\/tr\/wp-content\/uploads\/2022\/04\/2-768x576.jpeg 768w, https:\/\/www.denizati.net\/tr\/wp-content\/uploads\/2022\/04\/2.jpeg 1024w, https:\/\/www.denizati.net\/tr\/wp-content\/uploads\/2022\/04\/2-80x60.jpeg 80w, https:\/\/www.denizati.net\/tr\/wp-content\/uploads\/2022\/04\/2-265x198.jpeg 265w, https:\/\/www.denizati.net\/tr\/wp-content\/uploads\/2022\/04\/2-696x522.jpeg 696w, https:\/\/www.denizati.net\/tr\/wp-content\/uploads\/2022\/04\/2-560x420.jpeg 560w\" sizes=\"auto, (max-width: 300px) 100vw, 300px\" \/> <img loading=\"lazy\" decoding=\"async\" class=\"alignnone size-medium wp-image-17488\" src=\"http:\/\/www.denizati.net\/tr\/wp-content\/uploads\/2022\/04\/3-300x225.jpeg\" alt=\"\" width=\"300\" height=\"225\" srcset=\"https:\/\/www.denizati.net\/tr\/wp-content\/uploads\/2022\/04\/3-300x225.jpeg 300w, https:\/\/www.denizati.net\/tr\/wp-content\/uploads\/2022\/04\/3-768x576.jpeg 768w, https:\/\/www.denizati.net\/tr\/wp-content\/uploads\/2022\/04\/3.jpeg 1024w, https:\/\/www.denizati.net\/tr\/wp-content\/uploads\/2022\/04\/3-80x60.jpeg 80w, https:\/\/www.denizati.net\/tr\/wp-content\/uploads\/2022\/04\/3-265x198.jpeg 265w, https:\/\/www.denizati.net\/tr\/wp-content\/uploads\/2022\/04\/3-696x522.jpeg 696w, https:\/\/www.denizati.net\/tr\/wp-content\/uploads\/2022\/04\/3-560x420.jpeg 560w\" sizes=\"auto, (max-width: 300px) 100vw, 300px\" \/> <img loading=\"lazy\" decoding=\"async\" class=\"alignnone size-medium wp-image-17489\" src=\"http:\/\/www.denizati.net\/tr\/wp-content\/uploads\/2022\/04\/4-300x225.jpeg\" alt=\"\" width=\"300\" height=\"225\" srcset=\"https:\/\/www.denizati.net\/tr\/wp-content\/uploads\/2022\/04\/4-300x225.jpeg 300w, https:\/\/www.denizati.net\/tr\/wp-content\/uploads\/2022\/04\/4-768x576.jpeg 768w, https:\/\/www.denizati.net\/tr\/wp-content\/uploads\/2022\/04\/4-1024x768.jpeg 1024w, https:\/\/www.denizati.net\/tr\/wp-content\/uploads\/2022\/04\/4-80x60.jpeg 80w, https:\/\/www.denizati.net\/tr\/wp-content\/uploads\/2022\/04\/4-265x198.jpeg 265w, https:\/\/www.denizati.net\/tr\/wp-content\/uploads\/2022\/04\/4-696x522.jpeg 696w, https:\/\/www.denizati.net\/tr\/wp-content\/uploads\/2022\/04\/4-1068x801.jpeg 1068w, https:\/\/www.denizati.net\/tr\/wp-content\/uploads\/2022\/04\/4-560x420.jpeg 560w, https:\/\/www.denizati.net\/tr\/wp-content\/uploads\/2022\/04\/4.jpeg 2048w\" sizes=\"auto, (max-width: 300px) 100vw, 300px\" \/> <img loading=\"lazy\" decoding=\"async\" class=\"alignnone size-medium wp-image-17490\" src=\"http:\/\/www.denizati.net\/tr\/wp-content\/uploads\/2022\/04\/5-300x225.jpeg\" alt=\"\" width=\"300\" height=\"225\" srcset=\"https:\/\/www.denizati.net\/tr\/wp-content\/uploads\/2022\/04\/5-300x225.jpeg 300w, https:\/\/www.denizati.net\/tr\/wp-content\/uploads\/2022\/04\/5-768x576.jpeg 768w, https:\/\/www.denizati.net\/tr\/wp-content\/uploads\/2022\/04\/5-1024x768.jpeg 1024w, https:\/\/www.denizati.net\/tr\/wp-content\/uploads\/2022\/04\/5-80x60.jpeg 80w, https:\/\/www.denizati.net\/tr\/wp-content\/uploads\/2022\/04\/5-265x198.jpeg 265w, https:\/\/www.denizati.net\/tr\/wp-content\/uploads\/2022\/04\/5-696x522.jpeg 696w, https:\/\/www.denizati.net\/tr\/wp-content\/uploads\/2022\/04\/5-1068x801.jpeg 1068w, https:\/\/www.denizati.net\/tr\/wp-content\/uploads\/2022\/04\/5-560x420.jpeg 560w, https:\/\/www.denizati.net\/tr\/wp-content\/uploads\/2022\/04\/5.jpeg 2048w\" sizes=\"auto, (max-width: 300px) 100vw, 300px\" \/><\/p>\n<p>&nbsp;<\/p>\n","protected":false},"excerpt":{"rendered":"<p>7.s\u0131n\u0131f \u00f6\u011frencimiz ile 30 Mart, 1 Nisan, 8 Nisan 2022 tarihlerinde Panorama 1453 Tarih M\u00fczesi\u2019 ni ziyaret ettik. Bu ziyarette \u00f6\u011frencilerimize m\u00fcze bilincini a\u015f\u0131layarak \u2018\u2019K\u00fclt\u00fcr ve Miras\u2019\u2019 \u00fcnitesinde i\u015fledi\u011fimiz konular\u0131 daha anlaml\u0131 hale getirip somutla\u015ft\u0131rd\u0131k. Bir \u00e7a\u011f a\u00e7\u0131p bir \u00e7a\u011f kapatan \u0130stanbul\u2019un fethinin Osmanl\u0131 Devleti\u2019ne katk\u0131lar\u0131n\u0131n ekonomik ve k\u00fclt\u00fcrel ba\u011flamda irdelenmesini sa\u011flad\u0131k. \u00d6\u011frencilerimiz bu m\u00fcze [&hellip;]<\/p>\n","protected":false},"author":1,"featured_media":17487,"comment_status":"open","ping_status":"open","sticky":false,"template":"","format":"standard","meta":{"ngg_post_thumbnail":0,"footnotes":""},"categories":[1],"tags":[],"class_list":["post-17485","post","type-post","status-publish","format-standard","has-post-thumbnail","hentry","category-genel"],"_links":{"self":[{"href":"https:\/\/www.denizati.net\/tr\/wp-json\/wp\/v2\/posts\/17485","targetHints":{"allow":["GET"]}}],"collection":[{"href":"https:\/\/www.denizati.net\/tr\/wp-json\/wp\/v2\/posts"}],"about":[{"href":"https:\/\/www.denizati.net\/tr\/wp-json\/wp\/v2\/types\/post"}],"author":[{"embeddable":true,"href":"https:\/\/www.denizati.net\/tr\/wp-json\/wp\/v2\/users\/1"}],"replies":[{"embeddable":true,"href":"https:\/\/www.denizati.net\/tr\/wp-json\/wp\/v2\/comments?post=17485"}],"version-history":[{"count":0,"href":"https:\/\/www.denizati.net\/tr\/wp-json\/wp\/v2\/posts\/17485\/revisions"}],"wp:featuredmedia":[{"embeddable":true,"href":"https:\/\/www.denizati.net\/tr\/wp-json\/wp\/v2\/media\/17487"}],"wp:attachment":[{"href":"https:\/\/www.denizati.net\/tr\/wp-json\/wp\/v2\/media?parent=17485"}],"wp:term":[{"taxonomy":"category","embeddable":true,"href":"https:\/\/www.denizati.net\/tr\/wp-json\/wp\/v2\/categories?post=17485"},{"taxonomy":"post_tag","embeddable":true,"href":"https:\/\/www.denizati.net\/tr\/wp-json\/wp\/v2\/tags?post=17485"}],"curies":[{"name":"wp","href":"https:\/\/api.w.org\/{rel}","templated":true}]}}