{"id":17473,"date":"2022-04-06T12:46:47","date_gmt":"2022-04-06T09:46:47","guid":{"rendered":"http:\/\/www.denizati.net\/tr\/?p=17473"},"modified":"2022-04-07T12:40:57","modified_gmt":"2022-04-07T09:40:57","slug":"voleybol-takimlari-basarilarimiz","status":"publish","type":"post","link":"https:\/\/www.denizati.net\/tr\/voleybol-takimlari-basarilarimiz","title":{"rendered":"Voleybol Tak\u0131mlar\u0131 Ba\u015far\u0131lar\u0131m\u0131z"},"content":{"rendered":"<p><strong>GEN\u00c7 ERKEK VOLEYBOL<\/strong><\/p>\n<p><strong>GEN\u00c7 ERKEK VOLEYBOL TAKIMI<\/strong> \u2018m\u0131z kat\u0131ld\u0131\u011f\u0131 Ata\u015fehir Kaymakaml\u0131k Kupas\u0131 Turnuvas\u0131\u2019nda grup ma\u00e7lar\u0131n\u0131 ba\u015far\u0131yla tamamlam\u0131\u015ft\u0131r. Devam eden ma\u00e7lar\u0131nda da ba\u015far\u0131l\u0131 bir performans sergileyerek final oynayan ve <strong>Ata\u015fehir \u0130kincisi<\/strong> olan sporcular\u0131m\u0131z kupa ve madalyalar\u0131n\u0131 d\u00fczenlenen t\u00f6renle alm\u0131\u015flard\u0131r.<\/p>\n<p>Sporcular\u0131m\u0131z\u0131 tebrik eder ba\u015far\u0131lar\u0131n\u0131n devam\u0131n\u0131 dileriz.<\/p>\n<p><img loading=\"lazy\" decoding=\"async\" class=\"alignnone size-medium wp-image-17474\" src=\"http:\/\/www.denizati.net\/tr\/wp-content\/uploads\/2022\/04\/gen\u00e7-erkek-voleybol-300x225.jpg\" alt=\"\" width=\"300\" height=\"225\" srcset=\"https:\/\/www.denizati.net\/tr\/wp-content\/uploads\/2022\/04\/gen\u00e7-erkek-voleybol-300x225.jpg 300w, https:\/\/www.denizati.net\/tr\/wp-content\/uploads\/2022\/04\/gen\u00e7-erkek-voleybol-768x576.jpg 768w, https:\/\/www.denizati.net\/tr\/wp-content\/uploads\/2022\/04\/gen\u00e7-erkek-voleybol-1024x768.jpg 1024w, https:\/\/www.denizati.net\/tr\/wp-content\/uploads\/2022\/04\/gen\u00e7-erkek-voleybol-80x60.jpg 80w, https:\/\/www.denizati.net\/tr\/wp-content\/uploads\/2022\/04\/gen\u00e7-erkek-voleybol-265x198.jpg 265w, https:\/\/www.denizati.net\/tr\/wp-content\/uploads\/2022\/04\/gen\u00e7-erkek-voleybol-696x522.jpg 696w, https:\/\/www.denizati.net\/tr\/wp-content\/uploads\/2022\/04\/gen\u00e7-erkek-voleybol-1068x801.jpg 1068w, https:\/\/www.denizati.net\/tr\/wp-content\/uploads\/2022\/04\/gen\u00e7-erkek-voleybol-560x420.jpg 560w\" sizes=\"auto, (max-width: 300px) 100vw, 300px\" \/><\/p>\n<p>&nbsp;<\/p>\n<p><strong>GEN\u00c7 KIZ VOLEYBOL<\/strong><\/p>\n<p><strong>\u00a0\u00a0\u00a0\u00a0 GEN\u00c7 KIZ VOLEYBOL TAKIMI<\/strong> \u2018m\u0131z kat\u0131ld\u0131\u011f\u0131 Ata\u015fehir Kaymakaml\u0131k Kupas\u0131 Turnuvas\u0131\u2019nda grup ma\u00e7lar\u0131n\u0131 ba\u015far\u0131yla tamamlam\u0131\u015f ve \u00e7eyrek finale y\u00fckselmi\u015ftir.<\/p>\n<p>Sporcular\u0131m\u0131z\u0131 tebrik eder ba\u015far\u0131lar\u0131n\u0131n devam\u0131n\u0131 dileriz.<\/p>\n<p><img loading=\"lazy\" decoding=\"async\" class=\"alignnone size-medium wp-image-17475\" src=\"http:\/\/www.denizati.net\/tr\/wp-content\/uploads\/2022\/04\/gen\u00e7-k\u0131z-voleybol-300x225.jpg\" alt=\"\" width=\"300\" height=\"225\" srcset=\"https:\/\/www.denizati.net\/tr\/wp-content\/uploads\/2022\/04\/gen\u00e7-k\u0131z-voleybol-300x225.jpg 300w, https:\/\/www.denizati.net\/tr\/wp-content\/uploads\/2022\/04\/gen\u00e7-k\u0131z-voleybol-768x576.jpg 768w, https:\/\/www.denizati.net\/tr\/wp-content\/uploads\/2022\/04\/gen\u00e7-k\u0131z-voleybol-1024x768.jpg 1024w, https:\/\/www.denizati.net\/tr\/wp-content\/uploads\/2022\/04\/gen\u00e7-k\u0131z-voleybol-80x60.jpg 80w, https:\/\/www.denizati.net\/tr\/wp-content\/uploads\/2022\/04\/gen\u00e7-k\u0131z-voleybol-265x198.jpg 265w, https:\/\/www.denizati.net\/tr\/wp-content\/uploads\/2022\/04\/gen\u00e7-k\u0131z-voleybol-696x522.jpg 696w, https:\/\/www.denizati.net\/tr\/wp-content\/uploads\/2022\/04\/gen\u00e7-k\u0131z-voleybol-1068x801.jpg 1068w, https:\/\/www.denizati.net\/tr\/wp-content\/uploads\/2022\/04\/gen\u00e7-k\u0131z-voleybol-560x420.jpg 560w\" sizes=\"auto, (max-width: 300px) 100vw, 300px\" \/><\/p>\n<p>&nbsp;<\/p>\n<p><strong>YILDIZ KIZ VOLEYBOL<\/strong><\/p>\n<p><strong>\u00a0\u00a0\u00a0 YILDIZ KIZ VOLEYBOL TAKIMI<\/strong> \u2018m\u0131z kat\u0131ld\u0131\u011f\u0131 Ata\u015fehir Kaymakaml\u0131k Kupas\u0131 Turnuvas\u0131\u2019nda grup ma\u00e7lar\u0131n\u0131 birincilikle tamamlam\u0131\u015ft\u0131r. Oynad\u0131\u011f\u0131 final m\u00fcsabakalar\u0131nda da ba\u015far\u0131l\u0131 bir performans sergileyen tak\u0131m\u0131m\u0131z <strong>Ata\u015fehir birincisi<\/strong> olmu\u015ftur. Sporcular\u0131m\u0131z kupa ve madalyalar\u0131n\u0131 d\u00fczenlenen t\u00f6renle alm\u0131\u015flard\u0131r.<\/p>\n<p>Sporcular\u0131m\u0131z\u0131 tebrik eder ba\u015far\u0131lar\u0131n\u0131n devam\u0131n\u0131 dileriz.<\/p>\n<p>&nbsp;<\/p>\n<p><img loading=\"lazy\" decoding=\"async\" class=\"alignnone size-medium wp-image-17476\" src=\"http:\/\/www.denizati.net\/tr\/wp-content\/uploads\/2022\/04\/y\u0131ld\u0131z-k\u0131z-voleybol-300x225.jpg\" alt=\"\" width=\"300\" height=\"225\" srcset=\"https:\/\/www.denizati.net\/tr\/wp-content\/uploads\/2022\/04\/y\u0131ld\u0131z-k\u0131z-voleybol-300x225.jpg 300w, https:\/\/www.denizati.net\/tr\/wp-content\/uploads\/2022\/04\/y\u0131ld\u0131z-k\u0131z-voleybol-768x576.jpg 768w, https:\/\/www.denizati.net\/tr\/wp-content\/uploads\/2022\/04\/y\u0131ld\u0131z-k\u0131z-voleybol-1024x768.jpg 1024w, https:\/\/www.denizati.net\/tr\/wp-content\/uploads\/2022\/04\/y\u0131ld\u0131z-k\u0131z-voleybol-80x60.jpg 80w, https:\/\/www.denizati.net\/tr\/wp-content\/uploads\/2022\/04\/y\u0131ld\u0131z-k\u0131z-voleybol-265x198.jpg 265w, https:\/\/www.denizati.net\/tr\/wp-content\/uploads\/2022\/04\/y\u0131ld\u0131z-k\u0131z-voleybol-696x522.jpg 696w, https:\/\/www.denizati.net\/tr\/wp-content\/uploads\/2022\/04\/y\u0131ld\u0131z-k\u0131z-voleybol-1068x801.jpg 1068w, https:\/\/www.denizati.net\/tr\/wp-content\/uploads\/2022\/04\/y\u0131ld\u0131z-k\u0131z-voleybol-560x420.jpg 560w\" sizes=\"auto, (max-width: 300px) 100vw, 300px\" \/><\/p>\n<p><strong>K\u00dc\u00c7\u00dcK KIZ VOLEYBOL<\/strong><\/p>\n<p><strong>K\u00dc\u00c7\u00dcK KIZ VOLEYBOL TAKIMI<\/strong> \u2018m\u0131z kat\u0131ld\u0131\u011f\u0131 Ata\u015fehir Kaymakaml\u0131k Kupas\u0131 Turnuvas\u0131\u2019nda grup ma\u00e7lar\u0131n\u0131 birinci olarak tamamlam\u0131\u015ft\u0131r. Devam eden ma\u00e7lar\u0131nda da ba\u015far\u0131l\u0131 bir performans sergileyerek final oynayan ve <strong>Ata\u015fehir \u0130kincisi<\/strong> olan sporcular\u0131m\u0131z kupa ve madalyalar\u0131n\u0131 d\u00fczenlenen t\u00f6renle alm\u0131\u015flard\u0131r.<\/p>\n<p>Sporcular\u0131m\u0131z\u0131 tebrik eder ba\u015far\u0131lar\u0131n\u0131n devam\u0131n\u0131 dileriz.<\/p>\n<p><img loading=\"lazy\" decoding=\"async\" class=\"alignnone size-medium wp-image-17477\" src=\"http:\/\/www.denizati.net\/tr\/wp-content\/uploads\/2022\/04\/k\u00fc\u00e7\u00fck-k\u0131z-voleybol-300x225.jpg\" alt=\"\" width=\"300\" height=\"225\" srcset=\"https:\/\/www.denizati.net\/tr\/wp-content\/uploads\/2022\/04\/k\u00fc\u00e7\u00fck-k\u0131z-voleybol-300x225.jpg 300w, https:\/\/www.denizati.net\/tr\/wp-content\/uploads\/2022\/04\/k\u00fc\u00e7\u00fck-k\u0131z-voleybol-768x576.jpg 768w, https:\/\/www.denizati.net\/tr\/wp-content\/uploads\/2022\/04\/k\u00fc\u00e7\u00fck-k\u0131z-voleybol-1024x768.jpg 1024w, https:\/\/www.denizati.net\/tr\/wp-content\/uploads\/2022\/04\/k\u00fc\u00e7\u00fck-k\u0131z-voleybol-80x60.jpg 80w, https:\/\/www.denizati.net\/tr\/wp-content\/uploads\/2022\/04\/k\u00fc\u00e7\u00fck-k\u0131z-voleybol-265x198.jpg 265w, https:\/\/www.denizati.net\/tr\/wp-content\/uploads\/2022\/04\/k\u00fc\u00e7\u00fck-k\u0131z-voleybol-696x522.jpg 696w, https:\/\/www.denizati.net\/tr\/wp-content\/uploads\/2022\/04\/k\u00fc\u00e7\u00fck-k\u0131z-voleybol-1068x801.jpg 1068w, https:\/\/www.denizati.net\/tr\/wp-content\/uploads\/2022\/04\/k\u00fc\u00e7\u00fck-k\u0131z-voleybol-560x420.jpg 560w\" sizes=\"auto, (max-width: 300px) 100vw, 300px\" \/><\/p>\n<p>&nbsp;<\/p>\n","protected":false},"excerpt":{"rendered":"<p>GEN\u00c7 ERKEK VOLEYBOL GEN\u00c7 ERKEK VOLEYBOL TAKIMI \u2018m\u0131z kat\u0131ld\u0131\u011f\u0131 Ata\u015fehir Kaymakaml\u0131k Kupas\u0131 Turnuvas\u0131\u2019nda grup ma\u00e7lar\u0131n\u0131 ba\u015far\u0131yla tamamlam\u0131\u015ft\u0131r. Devam eden ma\u00e7lar\u0131nda da ba\u015far\u0131l\u0131 bir performans sergileyerek final oynayan ve Ata\u015fehir \u0130kincisi olan sporcular\u0131m\u0131z kupa ve madalyalar\u0131n\u0131 d\u00fczenlenen t\u00f6renle alm\u0131\u015flard\u0131r. Sporcular\u0131m\u0131z\u0131 tebrik eder ba\u015far\u0131lar\u0131n\u0131n devam\u0131n\u0131 dileriz. &nbsp; GEN\u00c7 KIZ VOLEYBOL \u00a0\u00a0\u00a0\u00a0 GEN\u00c7 KIZ VOLEYBOL TAKIMI \u2018m\u0131z kat\u0131ld\u0131\u011f\u0131 [&hellip;]<\/p>\n","protected":false},"author":1,"featured_media":17364,"comment_status":"open","ping_status":"open","sticky":false,"template":"","format":"standard","meta":{"ngg_post_thumbnail":0,"footnotes":""},"categories":[1],"tags":[],"class_list":["post-17473","post","type-post","status-publish","format-standard","has-post-thumbnail","hentry","category-genel"],"_links":{"self":[{"href":"https:\/\/www.denizati.net\/tr\/wp-json\/wp\/v2\/posts\/17473","targetHints":{"allow":["GET"]}}],"collection":[{"href":"https:\/\/www.denizati.net\/tr\/wp-json\/wp\/v2\/posts"}],"about":[{"href":"https:\/\/www.denizati.net\/tr\/wp-json\/wp\/v2\/types\/post"}],"author":[{"embeddable":true,"href":"https:\/\/www.denizati.net\/tr\/wp-json\/wp\/v2\/users\/1"}],"replies":[{"embeddable":true,"href":"https:\/\/www.denizati.net\/tr\/wp-json\/wp\/v2\/comments?post=17473"}],"version-history":[{"count":0,"href":"https:\/\/www.denizati.net\/tr\/wp-json\/wp\/v2\/posts\/17473\/revisions"}],"wp:featuredmedia":[{"embeddable":true,"href":"https:\/\/www.denizati.net\/tr\/wp-json\/wp\/v2\/media\/17364"}],"wp:attachment":[{"href":"https:\/\/www.denizati.net\/tr\/wp-json\/wp\/v2\/media?parent=17473"}],"wp:term":[{"taxonomy":"category","embeddable":true,"href":"https:\/\/www.denizati.net\/tr\/wp-json\/wp\/v2\/categories?post=17473"},{"taxonomy":"post_tag","embeddable":true,"href":"https:\/\/www.denizati.net\/tr\/wp-json\/wp\/v2\/tags?post=17473"}],"curies":[{"name":"wp","href":"https:\/\/api.w.org\/{rel}","templated":true}]}}