{"id":17352,"date":"2022-03-21T16:15:44","date_gmt":"2022-03-21T13:15:44","guid":{"rendered":"http:\/\/www.denizati.net\/tr\/?p=17352"},"modified":"2022-03-21T16:15:44","modified_gmt":"2022-03-21T13:15:44","slug":"18-mart-canakkale-toreni-2","status":"publish","type":"post","link":"https:\/\/www.denizati.net\/tr\/18-mart-canakkale-toreni-2","title":{"rendered":"18 MART \u00c7ANAKKALE T\u00d6REN\u0130"},"content":{"rendered":"<p>\u00c7anakkale\u2019de \u00f6zg\u00fcrl\u00fckleri, ba\u011f\u0131ms\u0131zl\u0131klar\u0131 ve \u00fclkeleri i\u00e7in canlar\u0131 pahas\u0131na sava\u015fan \u015fehitlerimizin ve gazilerimizin arma\u011fan\u0131d\u0131r yurdumuz bize. Bu anlaml\u0131 g\u00fcnde 6. ve 7. s\u0131n\u0131f seviyesindeki \u00f6\u011frencilerimizin kat\u0131l\u0131m\u0131yla \u201c\u00c7anakkale \u015eehitlerini Anma\u201d t\u00f6reni d\u00fczenlenmi\u015ftir. Lise \u00f6\u011frencilerimizin de piyes ve \u015fark\u0131lar\u0131yla kat\u0131ld\u0131klar\u0131 t\u00f6renimizde \u201c\u00c7anakkale Destan\u0131\u201d t\u00fcm co\u015fkusuyla anlat\u0131lm\u0131\u015f duygular\u0131n\u0131 s\u00f6zle, \u015fiirle, \u015fark\u0131yla sergileyen \u00f6\u011frencilerimiz i\u00e7imizi bir kez daha gururla doldurmu\u015ftur. Bu anlaml\u0131 g\u00fcnde \u00f6\u011frencilerimizin kendi emekleriyle olu\u015fturmu\u015f olduklar\u0131 bu unutulmaz destanla ilgili duygu ve d\u00fc\u015f\u00fcncelerini anlatan \u201c\u00c7anakkale Gazetesi\u201d de \u00f6\u011frencilerimize da\u011f\u0131t\u0131lm\u0131\u015ft\u0131r.<\/p>\n<p><img loading=\"lazy\" decoding=\"async\" class=\"aligncenter size-large wp-image-17353\" src=\"http:\/\/www.denizati.net\/tr\/wp-content\/uploads\/2022\/03\/\u00e7anakkale-2-1024x688.jpg\" alt=\"\" width=\"640\" height=\"430\" srcset=\"https:\/\/www.denizati.net\/tr\/wp-content\/uploads\/2022\/03\/\u00e7anakkale-2-1024x688.jpg 1024w, https:\/\/www.denizati.net\/tr\/wp-content\/uploads\/2022\/03\/\u00e7anakkale-2-300x202.jpg 300w, https:\/\/www.denizati.net\/tr\/wp-content\/uploads\/2022\/03\/\u00e7anakkale-2-768x516.jpg 768w, https:\/\/www.denizati.net\/tr\/wp-content\/uploads\/2022\/03\/\u00e7anakkale-2-696x468.jpg 696w, https:\/\/www.denizati.net\/tr\/wp-content\/uploads\/2022\/03\/\u00e7anakkale-2-1068x718.jpg 1068w, https:\/\/www.denizati.net\/tr\/wp-content\/uploads\/2022\/03\/\u00e7anakkale-2-625x420.jpg 625w\" sizes=\"auto, (max-width: 640px) 100vw, 640px\" \/> <img loading=\"lazy\" decoding=\"async\" class=\"aligncenter size-large wp-image-17354\" src=\"http:\/\/www.denizati.net\/tr\/wp-content\/uploads\/2022\/03\/\u00e7anakkale-1-1024x534.jpg\" alt=\"\" width=\"640\" height=\"334\" srcset=\"https:\/\/www.denizati.net\/tr\/wp-content\/uploads\/2022\/03\/\u00e7anakkale-1-1024x534.jpg 1024w, https:\/\/www.denizati.net\/tr\/wp-content\/uploads\/2022\/03\/\u00e7anakkale-1-300x156.jpg 300w, https:\/\/www.denizati.net\/tr\/wp-content\/uploads\/2022\/03\/\u00e7anakkale-1-768x401.jpg 768w, https:\/\/www.denizati.net\/tr\/wp-content\/uploads\/2022\/03\/\u00e7anakkale-1-696x363.jpg 696w, https:\/\/www.denizati.net\/tr\/wp-content\/uploads\/2022\/03\/\u00e7anakkale-1-1068x557.jpg 1068w, https:\/\/www.denizati.net\/tr\/wp-content\/uploads\/2022\/03\/\u00e7anakkale-1-805x420.jpg 805w\" sizes=\"auto, (max-width: 640px) 100vw, 640px\" \/><\/p>\n","protected":false},"excerpt":{"rendered":"<p>\u00c7anakkale\u2019de \u00f6zg\u00fcrl\u00fckleri, ba\u011f\u0131ms\u0131zl\u0131klar\u0131 ve \u00fclkeleri i\u00e7in canlar\u0131 pahas\u0131na sava\u015fan \u015fehitlerimizin ve gazilerimizin arma\u011fan\u0131d\u0131r yurdumuz bize. Bu anlaml\u0131 g\u00fcnde 6. ve 7. s\u0131n\u0131f seviyesindeki \u00f6\u011frencilerimizin kat\u0131l\u0131m\u0131yla \u201c\u00c7anakkale \u015eehitlerini Anma\u201d t\u00f6reni d\u00fczenlenmi\u015ftir. Lise \u00f6\u011frencilerimizin de piyes ve \u015fark\u0131lar\u0131yla kat\u0131ld\u0131klar\u0131 t\u00f6renimizde \u201c\u00c7anakkale Destan\u0131\u201d t\u00fcm co\u015fkusuyla anlat\u0131lm\u0131\u015f duygular\u0131n\u0131 s\u00f6zle, \u015fiirle, \u015fark\u0131yla sergileyen \u00f6\u011frencilerimiz i\u00e7imizi bir kez daha gururla doldurmu\u015ftur. [&hellip;]<\/p>\n","protected":false},"author":1,"featured_media":17355,"comment_status":"open","ping_status":"open","sticky":false,"template":"","format":"standard","meta":{"ngg_post_thumbnail":0,"footnotes":""},"categories":[1],"tags":[],"class_list":["post-17352","post","type-post","status-publish","format-standard","has-post-thumbnail","hentry","category-genel"],"_links":{"self":[{"href":"https:\/\/www.denizati.net\/tr\/wp-json\/wp\/v2\/posts\/17352","targetHints":{"allow":["GET"]}}],"collection":[{"href":"https:\/\/www.denizati.net\/tr\/wp-json\/wp\/v2\/posts"}],"about":[{"href":"https:\/\/www.denizati.net\/tr\/wp-json\/wp\/v2\/types\/post"}],"author":[{"embeddable":true,"href":"https:\/\/www.denizati.net\/tr\/wp-json\/wp\/v2\/users\/1"}],"replies":[{"embeddable":true,"href":"https:\/\/www.denizati.net\/tr\/wp-json\/wp\/v2\/comments?post=17352"}],"version-history":[{"count":0,"href":"https:\/\/www.denizati.net\/tr\/wp-json\/wp\/v2\/posts\/17352\/revisions"}],"wp:featuredmedia":[{"embeddable":true,"href":"https:\/\/www.denizati.net\/tr\/wp-json\/wp\/v2\/media\/17355"}],"wp:attachment":[{"href":"https:\/\/www.denizati.net\/tr\/wp-json\/wp\/v2\/media?parent=17352"}],"wp:term":[{"taxonomy":"category","embeddable":true,"href":"https:\/\/www.denizati.net\/tr\/wp-json\/wp\/v2\/categories?post=17352"},{"taxonomy":"post_tag","embeddable":true,"href":"https:\/\/www.denizati.net\/tr\/wp-json\/wp\/v2\/tags?post=17352"}],"curies":[{"name":"wp","href":"https:\/\/api.w.org\/{rel}","templated":true}]}}