{"id":14585,"date":"2020-10-06T14:52:26","date_gmt":"2020-10-06T11:52:26","guid":{"rendered":"http:\/\/www.denizati.net\/tr\/?p=14585"},"modified":"2020-10-06T14:52:26","modified_gmt":"2020-10-06T11:52:26","slug":"ilkogretim-haftasi-kutlandi","status":"publish","type":"post","link":"https:\/\/www.denizati.net\/tr\/ilkogretim-haftasi-kutlandi","title":{"rendered":"\u0130lk\u00f6\u011fretim Haftas\u0131 kutland\u0131."},"content":{"rendered":"<p><strong>De\u011ferli Velilerimiz,<\/strong><\/p>\n<p><strong>2020-2021 e\u011fitim \u00f6\u011fretim y\u0131l\u0131na Covid-19\u2019 un g\u00f6lgesine ra\u011fmen b\u00fcy\u00fck bir co\u015fku ile ba\u015flad\u0131k. Gelece\u011fimizin teminat\u0131 olan \u00e7ocuklar\u0131m\u0131zla 21-25 Eyl\u00fcl haftas\u0131nda seyreltilmi\u015f e\u011fitim ile heyecanla bir araya geldik. Biz Denizat\u0131 ailesi olarak ya\u015fanacak her s\u0131k\u0131nt\u0131y\u0131 her engeli a\u015facak donan\u0131ma sahibiz. E\u011fitim hayat\u0131m\u0131za engel tan\u0131madan yolumuza devam edece\u011fiz<\/strong><\/p>\n<p><strong>Biliyoruz ki hedeflenen ba\u015far\u0131lara ancak \u00f6\u011fretmen, \u00f6\u011frenci ve veli i\u015fbirli\u011fi ile ula\u015fabiliriz. \u201c E\u011fitim ailede ba\u015flar, okulda geli\u015fir ve toplumda olgunla\u015f\u0131r.\u201d ger\u00e7e\u011fini hi\u00e7bir zaman unutmamal\u0131y\u0131z. <\/strong><\/p>\n<p><strong>Bu duygu ve d\u00fc\u015f\u00fcncelerle 2020-2021 e\u011fitim \u00f6\u011fretim y\u0131l\u0131n\u0131n hepimize hay\u0131rl\u0131 olmas\u0131n\u0131 diler, t\u00fcm \u00f6\u011frenci ve \u00f6\u011fretmenlerimizin \u201c\u0130lk\u00f6\u011fretim Haftas\u0131n\u0131\u201d kutlar\u0131z.<\/strong><\/p>\n<p>&nbsp;<\/p>\n<p><img loading=\"lazy\" decoding=\"async\" class=\"aligncenter size-large wp-image-14586\" src=\"http:\/\/www.denizati.net\/tr\/wp-content\/uploads\/2020\/10\/Resim1-1024x516.jpg\" alt=\"\" width=\"640\" height=\"323\" srcset=\"https:\/\/www.denizati.net\/tr\/wp-content\/uploads\/2020\/10\/Resim1-1024x516.jpg 1024w, https:\/\/www.denizati.net\/tr\/wp-content\/uploads\/2020\/10\/Resim1-300x151.jpg 300w, https:\/\/www.denizati.net\/tr\/wp-content\/uploads\/2020\/10\/Resim1-768x387.jpg 768w, https:\/\/www.denizati.net\/tr\/wp-content\/uploads\/2020\/10\/Resim1-696x351.jpg 696w, https:\/\/www.denizati.net\/tr\/wp-content\/uploads\/2020\/10\/Resim1-1068x539.jpg 1068w, https:\/\/www.denizati.net\/tr\/wp-content\/uploads\/2020\/10\/Resim1-833x420.jpg 833w, https:\/\/www.denizati.net\/tr\/wp-content\/uploads\/2020\/10\/Resim1.jpg 1753w\" sizes=\"auto, (max-width: 640px) 100vw, 640px\" \/><\/p>\n<p>&nbsp;<\/p>\n<p><img loading=\"lazy\" decoding=\"async\" class=\"aligncenter size-large wp-image-14587\" src=\"http:\/\/www.denizati.net\/tr\/wp-content\/uploads\/2020\/10\/Resim2-1024x551.jpg\" alt=\"\" width=\"640\" height=\"344\" srcset=\"https:\/\/www.denizati.net\/tr\/wp-content\/uploads\/2020\/10\/Resim2-1024x551.jpg 1024w, https:\/\/www.denizati.net\/tr\/wp-content\/uploads\/2020\/10\/Resim2-300x162.jpg 300w, https:\/\/www.denizati.net\/tr\/wp-content\/uploads\/2020\/10\/Resim2-768x414.jpg 768w, https:\/\/www.denizati.net\/tr\/wp-content\/uploads\/2020\/10\/Resim2-696x375.jpg 696w, https:\/\/www.denizati.net\/tr\/wp-content\/uploads\/2020\/10\/Resim2-1068x575.jpg 1068w, https:\/\/www.denizati.net\/tr\/wp-content\/uploads\/2020\/10\/Resim2-780x420.jpg 780w, https:\/\/www.denizati.net\/tr\/wp-content\/uploads\/2020\/10\/Resim2.jpg 1753w\" sizes=\"auto, (max-width: 640px) 100vw, 640px\" \/><\/p>\n","protected":false},"excerpt":{"rendered":"<p>De\u011ferli Velilerimiz, 2020-2021 e\u011fitim \u00f6\u011fretim y\u0131l\u0131na Covid-19\u2019 un g\u00f6lgesine ra\u011fmen b\u00fcy\u00fck bir co\u015fku ile ba\u015flad\u0131k. Gelece\u011fimizin teminat\u0131 olan \u00e7ocuklar\u0131m\u0131zla 21-25 Eyl\u00fcl haftas\u0131nda seyreltilmi\u015f e\u011fitim ile heyecanla bir araya geldik. Biz Denizat\u0131 ailesi olarak ya\u015fanacak her s\u0131k\u0131nt\u0131y\u0131 her engeli a\u015facak donan\u0131ma sahibiz. E\u011fitim hayat\u0131m\u0131za engel tan\u0131madan yolumuza devam edece\u011fiz Biliyoruz ki hedeflenen ba\u015far\u0131lara ancak \u00f6\u011fretmen, \u00f6\u011frenci [&hellip;]<\/p>\n","protected":false},"author":1,"featured_media":14116,"comment_status":"open","ping_status":"open","sticky":false,"template":"","format":"standard","meta":{"ngg_post_thumbnail":0,"footnotes":""},"categories":[1],"tags":[],"class_list":["post-14585","post","type-post","status-publish","format-standard","has-post-thumbnail","hentry","category-genel"],"_links":{"self":[{"href":"https:\/\/www.denizati.net\/tr\/wp-json\/wp\/v2\/posts\/14585","targetHints":{"allow":["GET"]}}],"collection":[{"href":"https:\/\/www.denizati.net\/tr\/wp-json\/wp\/v2\/posts"}],"about":[{"href":"https:\/\/www.denizati.net\/tr\/wp-json\/wp\/v2\/types\/post"}],"author":[{"embeddable":true,"href":"https:\/\/www.denizati.net\/tr\/wp-json\/wp\/v2\/users\/1"}],"replies":[{"embeddable":true,"href":"https:\/\/www.denizati.net\/tr\/wp-json\/wp\/v2\/comments?post=14585"}],"version-history":[{"count":0,"href":"https:\/\/www.denizati.net\/tr\/wp-json\/wp\/v2\/posts\/14585\/revisions"}],"wp:featuredmedia":[{"embeddable":true,"href":"https:\/\/www.denizati.net\/tr\/wp-json\/wp\/v2\/media\/14116"}],"wp:attachment":[{"href":"https:\/\/www.denizati.net\/tr\/wp-json\/wp\/v2\/media?parent=14585"}],"wp:term":[{"taxonomy":"category","embeddable":true,"href":"https:\/\/www.denizati.net\/tr\/wp-json\/wp\/v2\/categories?post=14585"},{"taxonomy":"post_tag","embeddable":true,"href":"https:\/\/www.denizati.net\/tr\/wp-json\/wp\/v2\/tags?post=14585"}],"curies":[{"name":"wp","href":"https:\/\/api.w.org\/{rel}","templated":true}]}}