{"id":14507,"date":"2020-10-02T14:14:50","date_gmt":"2020-10-02T11:14:50","guid":{"rendered":"http:\/\/www.denizati.net\/tr\/?p=14507"},"modified":"2020-10-02T14:14:50","modified_gmt":"2020-10-02T11:14:50","slug":"6-kuresel-iklim-grevi-etkinligi","status":"publish","type":"post","link":"https:\/\/www.denizati.net\/tr\/6-kuresel-iklim-grevi-etkinligi","title":{"rendered":"6.K\u00dcRESEL \u0130KL\u0130M GREV\u0130 ETK\u0130NL\u0130\u011e\u0130"},"content":{"rendered":"<p style=\"font-weight: 400;\">\u0130klim krizine kar\u015f\u0131 d\u00fcnyan\u0131n d\u00f6rt bir yan\u0131nda harekete ge\u00e7en gen\u00e7 iklim aktivistleri 25 Eyl\u00fcl Cuma g\u00fcn\u00fc 6. K\u00fcresel \u0130klim Grevi\u2019ni ger\u00e7ekle\u015ftirdi. Okulumuz 6. Ve 7. S\u0131n\u0131f \u00f6\u011frencilerimiz de \u00e7evrim i\u00e7i olarak bu etkinliklere kat\u0131ld\u0131lar. Bunun i\u00e7in iklim de\u011fi\u015fikli\u011finin nedenlerini ve canl\u0131lara etkilerini ara\u015ft\u0131rd\u0131lar ve iklim adaleti i\u00e7in posterler haz\u0131rlay\u0131p videolar \u00e7ektiler. Yapt\u0131klar\u0131 \u00e7al\u0131\u015fmalar\u0131 dijital iklim grevi duvar\u0131m\u0131zda sergilediler. Ayn\u0131 g\u00fcn iklim de\u011fi\u015fikli\u011fini anlatan videolar ve animasyonlar\u0131 izleyerek konu ile ilgili fark\u0131ndal\u0131klar\u0131n\u0131 art\u0131rd\u0131lar.<\/p>\n<p><img loading=\"lazy\" decoding=\"async\" class=\"aligncenter size-large wp-image-14508\" src=\"http:\/\/www.denizati.net\/tr\/wp-content\/uploads\/2020\/10\/dijital-duvar1-1024x490.png\" alt=\"\" width=\"640\" height=\"306\" srcset=\"https:\/\/www.denizati.net\/tr\/wp-content\/uploads\/2020\/10\/dijital-duvar1-1024x490.png 1024w, https:\/\/www.denizati.net\/tr\/wp-content\/uploads\/2020\/10\/dijital-duvar1-300x143.png 300w, https:\/\/www.denizati.net\/tr\/wp-content\/uploads\/2020\/10\/dijital-duvar1-768x367.png 768w, https:\/\/www.denizati.net\/tr\/wp-content\/uploads\/2020\/10\/dijital-duvar1-696x333.png 696w, https:\/\/www.denizati.net\/tr\/wp-content\/uploads\/2020\/10\/dijital-duvar1-1068x511.png 1068w, https:\/\/www.denizati.net\/tr\/wp-content\/uploads\/2020\/10\/dijital-duvar1-878x420.png 878w, https:\/\/www.denizati.net\/tr\/wp-content\/uploads\/2020\/10\/dijital-duvar1.png 1353w\" sizes=\"auto, (max-width: 640px) 100vw, 640px\" \/><\/p>\n<p><img loading=\"lazy\" decoding=\"async\" class=\"aligncenter size-large wp-image-14509\" src=\"http:\/\/www.denizati.net\/tr\/wp-content\/uploads\/2020\/10\/\u0130KL\u0130M-GREV\u0130-RES\u0130M-1-1024x599.jpg\" alt=\"\" width=\"640\" height=\"374\" srcset=\"https:\/\/www.denizati.net\/tr\/wp-content\/uploads\/2020\/10\/\u0130KL\u0130M-GREV\u0130-RES\u0130M-1-1024x599.jpg 1024w, https:\/\/www.denizati.net\/tr\/wp-content\/uploads\/2020\/10\/\u0130KL\u0130M-GREV\u0130-RES\u0130M-1-300x175.jpg 300w, https:\/\/www.denizati.net\/tr\/wp-content\/uploads\/2020\/10\/\u0130KL\u0130M-GREV\u0130-RES\u0130M-1-768x449.jpg 768w, https:\/\/www.denizati.net\/tr\/wp-content\/uploads\/2020\/10\/\u0130KL\u0130M-GREV\u0130-RES\u0130M-1-696x407.jpg 696w, https:\/\/www.denizati.net\/tr\/wp-content\/uploads\/2020\/10\/\u0130KL\u0130M-GREV\u0130-RES\u0130M-1-1068x624.jpg 1068w, https:\/\/www.denizati.net\/tr\/wp-content\/uploads\/2020\/10\/\u0130KL\u0130M-GREV\u0130-RES\u0130M-1-718x420.jpg 718w\" sizes=\"auto, (max-width: 640px) 100vw, 640px\" \/><\/p>\n<p><img loading=\"lazy\" decoding=\"async\" class=\"aligncenter size-large wp-image-14510\" src=\"http:\/\/www.denizati.net\/tr\/wp-content\/uploads\/2020\/10\/pano-1024x414.png\" alt=\"\" width=\"640\" height=\"259\" srcset=\"https:\/\/www.denizati.net\/tr\/wp-content\/uploads\/2020\/10\/pano-1024x414.png 1024w, https:\/\/www.denizati.net\/tr\/wp-content\/uploads\/2020\/10\/pano-300x121.png 300w, https:\/\/www.denizati.net\/tr\/wp-content\/uploads\/2020\/10\/pano-768x311.png 768w, https:\/\/www.denizati.net\/tr\/wp-content\/uploads\/2020\/10\/pano-696x281.png 696w, https:\/\/www.denizati.net\/tr\/wp-content\/uploads\/2020\/10\/pano-1068x432.png 1068w, https:\/\/www.denizati.net\/tr\/wp-content\/uploads\/2020\/10\/pano-1038x420.png 1038w, https:\/\/www.denizati.net\/tr\/wp-content\/uploads\/2020\/10\/pano.png 1350w\" sizes=\"auto, (max-width: 640px) 100vw, 640px\" \/><\/p>\n","protected":false},"excerpt":{"rendered":"<p>\u0130klim krizine kar\u015f\u0131 d\u00fcnyan\u0131n d\u00f6rt bir yan\u0131nda harekete ge\u00e7en gen\u00e7 iklim aktivistleri 25 Eyl\u00fcl Cuma g\u00fcn\u00fc 6. K\u00fcresel \u0130klim Grevi\u2019ni ger\u00e7ekle\u015ftirdi. Okulumuz 6. Ve 7. S\u0131n\u0131f \u00f6\u011frencilerimiz de \u00e7evrim i\u00e7i olarak bu etkinliklere kat\u0131ld\u0131lar. Bunun i\u00e7in iklim de\u011fi\u015fikli\u011finin nedenlerini ve canl\u0131lara etkilerini ara\u015ft\u0131rd\u0131lar ve iklim adaleti i\u00e7in posterler haz\u0131rlay\u0131p videolar \u00e7ektiler. Yapt\u0131klar\u0131 \u00e7al\u0131\u015fmalar\u0131 dijital iklim [&hellip;]<\/p>\n","protected":false},"author":1,"featured_media":14509,"comment_status":"open","ping_status":"open","sticky":false,"template":"","format":"standard","meta":{"ngg_post_thumbnail":0,"footnotes":""},"categories":[1],"tags":[],"class_list":["post-14507","post","type-post","status-publish","format-standard","has-post-thumbnail","hentry","category-genel"],"_links":{"self":[{"href":"https:\/\/www.denizati.net\/tr\/wp-json\/wp\/v2\/posts\/14507","targetHints":{"allow":["GET"]}}],"collection":[{"href":"https:\/\/www.denizati.net\/tr\/wp-json\/wp\/v2\/posts"}],"about":[{"href":"https:\/\/www.denizati.net\/tr\/wp-json\/wp\/v2\/types\/post"}],"author":[{"embeddable":true,"href":"https:\/\/www.denizati.net\/tr\/wp-json\/wp\/v2\/users\/1"}],"replies":[{"embeddable":true,"href":"https:\/\/www.denizati.net\/tr\/wp-json\/wp\/v2\/comments?post=14507"}],"version-history":[{"count":0,"href":"https:\/\/www.denizati.net\/tr\/wp-json\/wp\/v2\/posts\/14507\/revisions"}],"wp:featuredmedia":[{"embeddable":true,"href":"https:\/\/www.denizati.net\/tr\/wp-json\/wp\/v2\/media\/14509"}],"wp:attachment":[{"href":"https:\/\/www.denizati.net\/tr\/wp-json\/wp\/v2\/media?parent=14507"}],"wp:term":[{"taxonomy":"category","embeddable":true,"href":"https:\/\/www.denizati.net\/tr\/wp-json\/wp\/v2\/categories?post=14507"},{"taxonomy":"post_tag","embeddable":true,"href":"https:\/\/www.denizati.net\/tr\/wp-json\/wp\/v2\/tags?post=14507"}],"curies":[{"name":"wp","href":"https:\/\/api.w.org\/{rel}","templated":true}]}}